{"id":23356,"date":"2026-04-02T10:19:45","date_gmt":"2026-04-02T13:19:45","guid":{"rendered":"https:\/\/diariodepernambuco.audiencelabs.com.br\/?p=23356"},"modified":"2026-04-02T10:19:46","modified_gmt":"2026-04-02T13:19:46","slug":"album-da-copa-do-mundo-de-2026-valores-do-capa-dura-e-pacotes-de-figurinhas","status":"publish","type":"post","link":"https:\/\/diariodepernambuco.audiencelabs.com.br\/album-da-copa-do-mundo-de-2026-valores-do-capa-dura-e-pacotes-de-figurinhas\/","title":{"rendered":"\u00c1lbum da Copa do Mundo de 2026: valores do capa dura e pacotes de figurinhas"},"content":{"rendered":"\n<p>O \u00e1lbum oficial da Copa do Mundo de 2026 promete ser o maior de todos os tempos! Para quem gosta, colecionar figurinhas vai ser uma experi\u00eancia ainda mais desafiadora este ano, j\u00e1 que, pela primeira vez, 48 sele\u00e7\u00f5es est\u00e3o participando da competi\u00e7\u00e3o.<\/p>\n\n\n\n<p>E a expectativa dos colecionadores se confirmou: o \u00e1lbum ter\u00e1 cerca de 980 figurinhas espalhadas em 112 p\u00e1ginas, registrando jogadores, est\u00e1dios, mascote, trof\u00e9u e a bola oficial do torneio. Ao todo, ser\u00e3o 68 cromos especiais, contemplando todos os detalhes da competi\u00e7\u00e3o.<\/p>\n\n\n\n<p>Cada sele\u00e7\u00e3o ter\u00e1 espa\u00e7o para aproximadamente 20 jogadores, enquanto o restante do \u00e1lbum ser\u00e1 dedicado a momentos especiais e outros destaques da Copa.<\/p>\n\n\n\n<h1 class=\"wp-block-heading\">Datas e pre\u00e7os<\/h1>\n\n\n\n<p>A <strong>pr\u00e9-venda j\u00e1 est\u00e1 dispon\u00edvel <\/strong>no site oficial da editora Panini, com lan\u00e7amento oficial confirmado para o dia <strong>1\u00ba de maio<\/strong>. Cada pacotinho de figurinhas custar\u00e1 <strong>R$ 7<\/strong>, e est\u00e3o maiores, com 7 cromos por pacote. Ou seja, mesmo com o aumento no n\u00famero de cromos, os pacotinhos maiores v\u00e3o ajudar os colecionadores a completar o \u00e1lbum mais r\u00e1pido.<\/p>\n\n\n\n<p>O \u00e1lbum em vers\u00e3o brochura custar\u00e1 <strong>R$ 24,90<\/strong>, enquanto a edi\u00e7\u00e3o de capa dura sai por<strong> R$ 74,90<\/strong>. Tamb\u00e9m haver\u00e1 vers\u00f5es especiais de capa dura prateada e dourada por <strong>R$ 79,90<\/strong>, al\u00e9m de um box premium com 40 pacotinhos por <strong>R$ 359,90<\/strong>, exclusivo do site da Panini.<\/p>\n\n\n\n<p>Se voc\u00ea gosta de colecionar, vale a pena garantir o \u00e1lbum na pr\u00e9-venda para come\u00e7ar a cole\u00e7\u00e3o antes mesmo da Copa come\u00e7ar!<\/p>\n","protected":false},"excerpt":{"rendered":"<p>O \u00e1lbum oficial da Copa do Mundo de 2026 promete ser o maior de todos os tempos! Para quem gosta, colecionar figurinhas vai ser uma experi\u00eancia ainda mais desafiadora este ano, j\u00e1 que, pela primeira vez, 48 sele\u00e7\u00f5es est\u00e3o participando da competi\u00e7\u00e3o. E a expectativa dos colecionadores se confirmou: o \u00e1lbum ter\u00e1 cerca de 980 [&hellip;]<\/p>\n","protected":false},"author":17,"featured_media":17816,"comment_status":"open","ping_status":"open","sticky":false,"template":"","format":"standard","meta":{"jnews-multi-image_gallery":[],"jnews_single_post":{"format":"standard"},"jnews_primary_category":[],"jnews_social_meta":[],"jnews_post_split":[],"footnotes":""},"categories":[1],"tags":[],"class_list":["post-23356","post","type-post","status-publish","format-standard","has-post-thumbnail","hentry","category-uncategorized"],"_links":{"self":[{"href":"https:\/\/diariodepernambuco.audiencelabs.com.br\/wp-json\/wp\/v2\/posts\/23356","targetHints":{"allow":["GET"]}}],"collection":[{"href":"https:\/\/diariodepernambuco.audiencelabs.com.br\/wp-json\/wp\/v2\/posts"}],"about":[{"href":"https:\/\/diariodepernambuco.audiencelabs.com.br\/wp-json\/wp\/v2\/types\/post"}],"author":[{"embeddable":true,"href":"https:\/\/diariodepernambuco.audiencelabs.com.br\/wp-json\/wp\/v2\/users\/17"}],"replies":[{"embeddable":true,"href":"https:\/\/diariodepernambuco.audiencelabs.com.br\/wp-json\/wp\/v2\/comments?post=23356"}],"version-history":[{"count":2,"href":"https:\/\/diariodepernambuco.audiencelabs.com.br\/wp-json\/wp\/v2\/posts\/23356\/revisions"}],"predecessor-version":[{"id":23359,"href":"https:\/\/diariodepernambuco.audiencelabs.com.br\/wp-json\/wp\/v2\/posts\/23356\/revisions\/23359"}],"wp:featuredmedia":[{"embeddable":true,"href":"https:\/\/diariodepernambuco.audiencelabs.com.br\/wp-json\/wp\/v2\/media\/17816"}],"wp:attachment":[{"href":"https:\/\/diariodepernambuco.audiencelabs.com.br\/wp-json\/wp\/v2\/media?parent=23356"}],"wp:term":[{"taxonomy":"category","embeddable":true,"href":"https:\/\/diariodepernambuco.audiencelabs.com.br\/wp-json\/wp\/v2\/categories?post=23356"},{"taxonomy":"post_tag","embeddable":true,"href":"https:\/\/diariodepernambuco.audiencelabs.com.br\/wp-json\/wp\/v2\/tags?post=23356"}],"curies":[{"name":"wp","href":"https:\/\/api.w.org\/{rel}","templated":true}]}}