{"id":23360,"date":"2026-04-02T10:59:53","date_gmt":"2026-04-02T13:59:53","guid":{"rendered":"https:\/\/diariodepernambuco.audiencelabs.com.br\/?p=23360"},"modified":"2026-04-02T10:59:55","modified_gmt":"2026-04-02T13:59:55","slug":"ancelotti-define-quem-seria-o-novo-camisa-10-da-selecao-brasileira-se-ele-fosse-brasileiro","status":"publish","type":"post","link":"https:\/\/diariodepernambuco.audiencelabs.com.br\/ancelotti-define-quem-seria-o-novo-camisa-10-da-selecao-brasileira-se-ele-fosse-brasileiro\/","title":{"rendered":"Ancelotti define quem seria o novo camisa 10 da Sele\u00e7\u00e3o Brasileira se ele fosse brasileiro"},"content":{"rendered":"\n<p>Voc\u00ea j\u00e1 pensou em quem Carlo Ancelotti escolheria como camisa 10 da sele\u00e7\u00e3o se ele pudesse escolher qualquer jogador? O treinador italiano aproveitou o clima de descontra\u00e7\u00e3o ap\u00f3s o amistoso entre Brasil e Cro\u00e1cia, na \u00faltima ter\u00e7a-feira (31), para fazer justamente essa brincadeira.<\/p>\n\n\n\n<p>Em meio a cumprimentos com Luka Modric, seu ex-jogador no Real Madrid, Ancelotti fez uma brincadeira: <em>&#8220;Voc\u00ea n\u00e3o tem um av\u00f4 brasileiro?&#8221;<\/em>. A frase arrancou sorrisos e mostrou a admira\u00e7\u00e3o do t\u00e9cnico pelo meia croata, que aos 40 anos segue atuando no Milan, na It\u00e1lia.<\/p>\n\n\n\n<h2 class=\"wp-block-heading\">Exemplo de talento<\/h2>\n\n\n\n<p>Mesmo com a idade avan\u00e7ada para os padr\u00f5es do futebol, Modric continua sendo pe\u00e7a central da Cro\u00e1cia e dever\u00e1 ser um jogador important\u00edssimo da equipe na Copa do Mundo deste ano. Ancelotti sempre destacou a intelig\u00eancia, o controle de jogo e a capacidade de lideran\u00e7a do jogador como caracter\u00edsticas essenciais para um verdadeiro camisa 10.<\/p>\n\n\n<div class=\"wp-block-image\">\n<figure class=\"aligncenter size-full is-resized\"><img loading=\"lazy\" decoding=\"async\" width=\"964\" height=\"544\" src=\"https:\/\/diariodepernambuco.audiencelabs.com.br\/wp-content\/uploads\/2026\/04\/luka-modric-milan-e1752513701565.webp\" alt=\"\" class=\"wp-image-23366\" style=\"width:670px;height:auto\" srcset=\"https:\/\/diariodepernambuco.audiencelabs.com.br\/wp-content\/uploads\/2026\/04\/luka-modric-milan-e1752513701565.webp 964w, https:\/\/diariodepernambuco.audiencelabs.com.br\/wp-content\/uploads\/2026\/04\/luka-modric-milan-e1752513701565-300x169.webp 300w, https:\/\/diariodepernambuco.audiencelabs.com.br\/wp-content\/uploads\/2026\/04\/luka-modric-milan-e1752513701565-768x433.webp 768w, https:\/\/diariodepernambuco.audiencelabs.com.br\/wp-content\/uploads\/2026\/04\/luka-modric-milan-e1752513701565-750x423.webp 750w\" sizes=\"auto, (max-width: 964px) 100vw, 964px\" \/><figcaption class=\"wp-element-caption\">Foto: Reprodu\u00e7\u00e3o\/AC Milan<\/figcaption><\/figure>\n<\/div>\n\n\n<h2 class=\"wp-block-heading\">Cro\u00e1cia no Grupo L da Copa do Mundo<\/h2>\n\n\n\n<p>Segundo a CNN Brasil, a Cro\u00e1cia est\u00e1 no Grupo L do Mundial e ter\u00e1 estreia marcada contra a Inglaterra no dia 17 de junho. Seis dias depois, enfrentar\u00e1 o Panam\u00e1, e encerrar\u00e1 a fase de grupos em partida contra Gana, no dia 27 de junho.<\/p>\n\n\n\n<p>A equipe, que foi vice-campe\u00e3 em 2018, busca manter sua tradi\u00e7\u00e3o de jogar com organiza\u00e7\u00e3o e criatividade, contando com Modric como principal refer\u00eancia no meio-campo.<\/p>\n","protected":false},"excerpt":{"rendered":"<p>Voc\u00ea j\u00e1 pensou em quem Carlo Ancelotti escolheria como camisa 10 da sele\u00e7\u00e3o se ele pudesse escolher qualquer jogador? O treinador italiano aproveitou o clima de descontra\u00e7\u00e3o ap\u00f3s o amistoso entre Brasil e Cro\u00e1cia, na \u00faltima ter\u00e7a-feira (31), para fazer justamente essa brincadeira. Em meio a cumprimentos com Luka Modric, seu ex-jogador no Real Madrid, [&hellip;]<\/p>\n","protected":false},"author":17,"featured_media":23361,"comment_status":"open","ping_status":"open","sticky":false,"template":"","format":"standard","meta":{"jnews-multi-image_gallery":[],"jnews_single_post":{"format":"standard"},"jnews_primary_category":[],"jnews_social_meta":[],"jnews_post_split":[],"footnotes":""},"categories":[1],"tags":[],"class_list":["post-23360","post","type-post","status-publish","format-standard","has-post-thumbnail","hentry","category-uncategorized"],"_links":{"self":[{"href":"https:\/\/diariodepernambuco.audiencelabs.com.br\/wp-json\/wp\/v2\/posts\/23360","targetHints":{"allow":["GET"]}}],"collection":[{"href":"https:\/\/diariodepernambuco.audiencelabs.com.br\/wp-json\/wp\/v2\/posts"}],"about":[{"href":"https:\/\/diariodepernambuco.audiencelabs.com.br\/wp-json\/wp\/v2\/types\/post"}],"author":[{"embeddable":true,"href":"https:\/\/diariodepernambuco.audiencelabs.com.br\/wp-json\/wp\/v2\/users\/17"}],"replies":[{"embeddable":true,"href":"https:\/\/diariodepernambuco.audiencelabs.com.br\/wp-json\/wp\/v2\/comments?post=23360"}],"version-history":[{"count":1,"href":"https:\/\/diariodepernambuco.audiencelabs.com.br\/wp-json\/wp\/v2\/posts\/23360\/revisions"}],"predecessor-version":[{"id":23367,"href":"https:\/\/diariodepernambuco.audiencelabs.com.br\/wp-json\/wp\/v2\/posts\/23360\/revisions\/23367"}],"wp:featuredmedia":[{"embeddable":true,"href":"https:\/\/diariodepernambuco.audiencelabs.com.br\/wp-json\/wp\/v2\/media\/23361"}],"wp:attachment":[{"href":"https:\/\/diariodepernambuco.audiencelabs.com.br\/wp-json\/wp\/v2\/media?parent=23360"}],"wp:term":[{"taxonomy":"category","embeddable":true,"href":"https:\/\/diariodepernambuco.audiencelabs.com.br\/wp-json\/wp\/v2\/categories?post=23360"},{"taxonomy":"post_tag","embeddable":true,"href":"https:\/\/diariodepernambuco.audiencelabs.com.br\/wp-json\/wp\/v2\/tags?post=23360"}],"curies":[{"name":"wp","href":"https:\/\/api.w.org\/{rel}","templated":true}]}}