{"id":23362,"date":"2026-04-03T14:15:00","date_gmt":"2026-04-03T17:15:00","guid":{"rendered":"https:\/\/diariodepernambuco.audiencelabs.com.br\/?p=23362"},"modified":"2026-04-02T10:53:14","modified_gmt":"2026-04-02T13:53:14","slug":"ancelotti-escolhe-24-jogadores-para-copa-do-mundo-veja-quais-sao","status":"publish","type":"post","link":"https:\/\/diariodepernambuco.audiencelabs.com.br\/ancelotti-escolhe-24-jogadores-para-copa-do-mundo-veja-quais-sao\/","title":{"rendered":"Ancelotti escolhe 24 jogadores para Copa do Mundo: veja quais s\u00e3o"},"content":{"rendered":"\n<p>O t\u00e9cnico Carlo Ancelotti j\u00e1 tem praticamente definida a base da Sele\u00e7\u00e3o Brasileira para a disputa da Copa do Mundo de 2026. Ap\u00f3s a \u00faltima Data Fifa, o treinador chegou a uma lista com 24 nomes considerados certos para a convoca\u00e7\u00e3o final, restando apenas duas vagas em aberto para fechar o grupo definitivo.<\/p>\n\n\n\n<p>A defini\u00e7\u00e3o mais clara aconteceu no setor defensivo, onde Ancelotti praticamente n\u00e3o tem mais d\u00favidas. Jogadores experientes e que v\u00eam sendo testados com frequ\u00eancia ganharam espa\u00e7o, formando a espinha dorsal da equipe. A ideia do treinador \u00e9 manter uma base s\u00f3lida, priorizando consist\u00eancia e entrosamento \u00e0s v\u00e9speras do Mundial.<\/p>\n\n\n\n<p>Por outro lado, o meio-campo e o ataque seguem como os setores mais disputados. Nomes como Endrick, Igor Thiago e Lucas Paquet\u00e1 ainda brigam por espa\u00e7o, com desempenhos recentes influenciando diretamente nas decis\u00f5es da comiss\u00e3o t\u00e9cnica. A forte concorr\u00eancia tem deixado o treinador com d\u00favidas importantes para fechar a lista.<\/p>\n\n\n\n<p>A convoca\u00e7\u00e3o oficial com os 26 jogadores ser\u00e1 divulgada apenas em maio, mas a tend\u00eancia \u00e9 que poucas mudan\u00e7as ocorram em rela\u00e7\u00e3o aos 24 nomes j\u00e1 definidos. Com isso, a Sele\u00e7\u00e3o entra na reta final de prepara\u00e7\u00e3o com um grupo praticamente montado e foco total na busca pelo hexacampeonato.<\/p>\n\n\n\n<h2 class=\"wp-block-heading\">Veja a disputa pelas vagas na Sele\u00e7\u00e3o<\/h2>\n\n\n\n<p><strong>Goleiros:<\/strong><\/p>\n\n\n\n<ul class=\"wp-block-list\">\n<li>Alisson<\/li>\n\n\n\n<li>Ederson<\/li>\n\n\n\n<li>Bento<\/li>\n<\/ul>\n\n\n\n<p><strong>Defensores:<\/strong><\/p>\n\n\n\n<ul class=\"wp-block-list\">\n<li>Marquinhos<\/li>\n\n\n\n<li>Gabriel Magalh\u00e3es<\/li>\n\n\n\n<li>\u00c9der Milit\u00e3o<\/li>\n\n\n\n<li>Danilo<\/li>\n\n\n\n<li>L\u00e9o Pereira<\/li>\n\n\n\n<li>Bremer<\/li>\n\n\n\n<li>Wesley<\/li>\n\n\n\n<li>Alex Sandro<\/li>\n\n\n\n<li>Douglas Santos<\/li>\n<\/ul>\n\n\n\n<p><strong>Meio-campistas:<\/strong><\/p>\n\n\n\n<ul class=\"wp-block-list\">\n<li>Casemiro<\/li>\n\n\n\n<li>Andrey Santos<\/li>\n\n\n\n<li>Fabinho<\/li>\n\n\n\n<li>Bruno Guimar\u00e3es<\/li>\n\n\n\n<li>Danilo Santos<\/li>\n<\/ul>\n\n\n\n<p><strong>Atacantes:<\/strong><\/p>\n\n\n\n<ul class=\"wp-block-list\">\n<li>Vini Jr.<\/li>\n\n\n\n<li>Raphinha<\/li>\n\n\n\n<li>Matheus Cunha<\/li>\n\n\n\n<li>Estev\u00e3o<\/li>\n\n\n\n<li>Gabriel Martinelli<\/li>\n\n\n\n<li>Jo\u00e3o Pedro<\/li>\n\n\n\n<li>Luiz Henrique<\/li>\n<\/ul>\n\n\n\n<p><strong>Disputam duas vagas:<\/strong><\/p>\n\n\n\n<ul class=\"wp-block-list\">\n<li>Lucas Paquet\u00e1 (meia)<\/li>\n\n\n\n<li>Endrick (atacante)<\/li>\n\n\n\n<li>Igor Thiago (atacante)<\/li>\n<\/ul>\n\n\n\n<p><\/p>\n","protected":false},"excerpt":{"rendered":"<p>O t\u00e9cnico Carlo Ancelotti j\u00e1 tem praticamente definida a base da Sele\u00e7\u00e3o Brasileira para a disputa da Copa do Mundo de 2026. Ap\u00f3s a \u00faltima Data Fifa, o treinador chegou a uma lista com 24 nomes considerados certos para a convoca\u00e7\u00e3o final, restando apenas duas vagas em aberto para fechar o grupo definitivo. A defini\u00e7\u00e3o [&hellip;]<\/p>\n","protected":false},"author":4,"featured_media":21215,"comment_status":"open","ping_status":"open","sticky":false,"template":"","format":"standard","meta":{"jnews-multi-image_gallery":[],"jnews_single_post":{"format":"standard"},"jnews_primary_category":[],"jnews_social_meta":[],"jnews_post_split":[],"footnotes":""},"categories":[1],"tags":[],"class_list":["post-23362","post","type-post","status-publish","format-standard","has-post-thumbnail","hentry","category-uncategorized"],"_links":{"self":[{"href":"https:\/\/diariodepernambuco.audiencelabs.com.br\/wp-json\/wp\/v2\/posts\/23362","targetHints":{"allow":["GET"]}}],"collection":[{"href":"https:\/\/diariodepernambuco.audiencelabs.com.br\/wp-json\/wp\/v2\/posts"}],"about":[{"href":"https:\/\/diariodepernambuco.audiencelabs.com.br\/wp-json\/wp\/v2\/types\/post"}],"author":[{"embeddable":true,"href":"https:\/\/diariodepernambuco.audiencelabs.com.br\/wp-json\/wp\/v2\/users\/4"}],"replies":[{"embeddable":true,"href":"https:\/\/diariodepernambuco.audiencelabs.com.br\/wp-json\/wp\/v2\/comments?post=23362"}],"version-history":[{"count":2,"href":"https:\/\/diariodepernambuco.audiencelabs.com.br\/wp-json\/wp\/v2\/posts\/23362\/revisions"}],"predecessor-version":[{"id":23365,"href":"https:\/\/diariodepernambuco.audiencelabs.com.br\/wp-json\/wp\/v2\/posts\/23362\/revisions\/23365"}],"wp:featuredmedia":[{"embeddable":true,"href":"https:\/\/diariodepernambuco.audiencelabs.com.br\/wp-json\/wp\/v2\/media\/21215"}],"wp:attachment":[{"href":"https:\/\/diariodepernambuco.audiencelabs.com.br\/wp-json\/wp\/v2\/media?parent=23362"}],"wp:term":[{"taxonomy":"category","embeddable":true,"href":"https:\/\/diariodepernambuco.audiencelabs.com.br\/wp-json\/wp\/v2\/categories?post=23362"},{"taxonomy":"post_tag","embeddable":true,"href":"https:\/\/diariodepernambuco.audiencelabs.com.br\/wp-json\/wp\/v2\/tags?post=23362"}],"curies":[{"name":"wp","href":"https:\/\/api.w.org\/{rel}","templated":true}]}}