{"id":23368,"date":"2026-04-02T12:51:43","date_gmt":"2026-04-02T15:51:43","guid":{"rendered":"https:\/\/diariodepernambuco.audiencelabs.com.br\/?p=23368"},"modified":"2026-04-02T12:51:45","modified_gmt":"2026-04-02T15:51:45","slug":"canetada-do-governo-libera-pagamento-antes-do-quinto-dia-util-aos-brasileiros","status":"publish","type":"post","link":"https:\/\/diariodepernambuco.audiencelabs.com.br\/canetada-do-governo-libera-pagamento-antes-do-quinto-dia-util-aos-brasileiros\/","title":{"rendered":"Canetada do Governo libera pagamento antes do quinto dia \u00fatil aos brasileiros"},"content":{"rendered":"\n<p>O governo do Rio de Janeiro anunciou que o sal\u00e1rio de abril de servidores estaduais ser\u00e3o pagos nesta quinta-feira (2), antes do habitual 5\u00ba dia \u00fatil. A medida beneficia cerca de 450 mil trabalhadores.<\/p>\n\n\n\n<p>Segundo a administra\u00e7\u00e3o estadual, a antecipa\u00e7\u00e3o atende a dois objetivos: garantir maior f\u00f4lego financeiro aos servidores e estimular o com\u00e9rcio local. Com o adiantamento, estima-se que cerca de R$ 2,4 bilh\u00f5es ser\u00e3o injetados na economia do estado.<\/p>\n\n\n\n<h2 class=\"wp-block-heading\">Feriado prolongado e turismo<\/h2>\n\n\n\n<p>Al\u00e9m do pagamento, tamb\u00e9m foi decretado ponto facultativo nesta quinta, criando um feriado prolongado de quatro dias, contando com a Sexta-feira Santa e o domingo de P\u00e1scoa. A combina\u00e7\u00e3o do pagamento antecipado com o feriado prolongado deve impulsionar o turismo dentro do estado, especialmente hot\u00e9is, pousadas e atra\u00e7\u00f5es tur\u00edsticas.<\/p>\n\n\n\n<h2 class=\"wp-block-heading\">Sal\u00e1rio do restante da popula\u00e7\u00e3o<\/h2>\n\n\n\n<p>Para os demais trabalhadores, o pagamento do sal\u00e1rio de abril deve ser realizado at\u00e9 o 5\u00ba dia \u00fatil, que cai na ter\u00e7a-feira (7). A contagem exclui o feriado da Sexta-Feira Santa, no dia 3, e o domingo de P\u00e1scoa, no dia 5.<\/p>\n\n\n\n<p>Portanto, o prazo limite para receber o sal\u00e1rio \u00e9 at\u00e9 o dia 7. Se o dep\u00f3sito n\u00e3o for efetuado ap\u00f3s essa data, o trabalhador deve consultar o RH da empresa para eventuais explica\u00e7\u00f5es.<\/p>\n","protected":false},"excerpt":{"rendered":"<p>O governo do Rio de Janeiro anunciou que o sal\u00e1rio de abril de servidores estaduais ser\u00e3o pagos nesta quinta-feira (2), antes do habitual 5\u00ba dia \u00fatil. A medida beneficia cerca de 450 mil trabalhadores. Segundo a administra\u00e7\u00e3o estadual, a antecipa\u00e7\u00e3o atende a dois objetivos: garantir maior f\u00f4lego financeiro aos servidores e estimular o com\u00e9rcio local. [&hellip;]<\/p>\n","protected":false},"author":17,"featured_media":15223,"comment_status":"open","ping_status":"open","sticky":false,"template":"","format":"standard","meta":{"jnews-multi-image_gallery":[],"jnews_single_post":{"format":"standard"},"jnews_primary_category":[],"jnews_social_meta":[],"jnews_post_split":[],"footnotes":""},"categories":[1],"tags":[],"class_list":["post-23368","post","type-post","status-publish","format-standard","has-post-thumbnail","hentry","category-uncategorized"],"_links":{"self":[{"href":"https:\/\/diariodepernambuco.audiencelabs.com.br\/wp-json\/wp\/v2\/posts\/23368","targetHints":{"allow":["GET"]}}],"collection":[{"href":"https:\/\/diariodepernambuco.audiencelabs.com.br\/wp-json\/wp\/v2\/posts"}],"about":[{"href":"https:\/\/diariodepernambuco.audiencelabs.com.br\/wp-json\/wp\/v2\/types\/post"}],"author":[{"embeddable":true,"href":"https:\/\/diariodepernambuco.audiencelabs.com.br\/wp-json\/wp\/v2\/users\/17"}],"replies":[{"embeddable":true,"href":"https:\/\/diariodepernambuco.audiencelabs.com.br\/wp-json\/wp\/v2\/comments?post=23368"}],"version-history":[{"count":1,"href":"https:\/\/diariodepernambuco.audiencelabs.com.br\/wp-json\/wp\/v2\/posts\/23368\/revisions"}],"predecessor-version":[{"id":23395,"href":"https:\/\/diariodepernambuco.audiencelabs.com.br\/wp-json\/wp\/v2\/posts\/23368\/revisions\/23395"}],"wp:featuredmedia":[{"embeddable":true,"href":"https:\/\/diariodepernambuco.audiencelabs.com.br\/wp-json\/wp\/v2\/media\/15223"}],"wp:attachment":[{"href":"https:\/\/diariodepernambuco.audiencelabs.com.br\/wp-json\/wp\/v2\/media?parent=23368"}],"wp:term":[{"taxonomy":"category","embeddable":true,"href":"https:\/\/diariodepernambuco.audiencelabs.com.br\/wp-json\/wp\/v2\/categories?post=23368"},{"taxonomy":"post_tag","embeddable":true,"href":"https:\/\/diariodepernambuco.audiencelabs.com.br\/wp-json\/wp\/v2\/tags?post=23368"}],"curies":[{"name":"wp","href":"https:\/\/api.w.org\/{rel}","templated":true}]}}