{"id":23372,"date":"2026-04-02T11:22:46","date_gmt":"2026-04-02T14:22:46","guid":{"rendered":"https:\/\/diariodepernambuco.audiencelabs.com.br\/?p=23372"},"modified":"2026-04-02T11:22:57","modified_gmt":"2026-04-02T14:22:57","slug":"fluminense-perde-posicoes-e-cai-para-zona-de-rebaixamento-do-brasileirao","status":"publish","type":"post","link":"https:\/\/diariodepernambuco.audiencelabs.com.br\/fluminense-perde-posicoes-e-cai-para-zona-de-rebaixamento-do-brasileirao\/","title":{"rendered":"Fluminense perde posi\u00e7\u00f5es e cai para zona de rebaixamento do Brasileir\u00e3o"},"content":{"rendered":"\n<p>Enquanto o time profissional do Fluminense vai muito bem, obrigado, o mesmo n\u00e3o pode se dizer dos meninos do Sub-20 do Tricolor Carioca. Horas antes de Zubeld\u00eda e companhia vencerem o Corinthians pelo placar de 3 a 1 e alcan\u00e7arem a vice-lideran\u00e7a do Brasileir\u00e3o, o time Sub-20 apenas empatou com o Ava\u00ed e caiu para o Z3 da categoria.<\/p>\n\n\n\n<p>E o filme poderia ter sido muito pior, j\u00e1 que o time catarinense chegou a abrir 3 a 0 no Est\u00e1dio Marcelo Vieira, em Xer\u00e9m. Atr\u00e1s no placar, o Fluminense foi para cima na segunda etapa e buscou o suado empate com gols de Kevin Samuel, duas vezes de p\u00eanalti aos 17 e 37 minutos, e Vagno, em cobran\u00e7a de falta aos 28.<\/p>\n\n\n<div class=\"wp-block-image\">\n<figure class=\"aligncenter size-full is-resized\"><img loading=\"lazy\" decoding=\"async\" width=\"984\" height=\"739\" src=\"https:\/\/diariodepernambuco.audiencelabs.com.br\/wp-content\/uploads\/2026\/04\/Fluminense-x-Avai-Sub-20.avif\" alt=\"\" class=\"wp-image-23375\" style=\"aspect-ratio:1.3315452578434908;width:611px;height:auto\" srcset=\"https:\/\/diariodepernambuco.audiencelabs.com.br\/wp-content\/uploads\/2026\/04\/Fluminense-x-Avai-Sub-20.avif 984w, https:\/\/diariodepernambuco.audiencelabs.com.br\/wp-content\/uploads\/2026\/04\/Fluminense-x-Avai-Sub-20-300x225.avif 300w, https:\/\/diariodepernambuco.audiencelabs.com.br\/wp-content\/uploads\/2026\/04\/Fluminense-x-Avai-Sub-20-768x577.avif 768w, https:\/\/diariodepernambuco.audiencelabs.com.br\/wp-content\/uploads\/2026\/04\/Fluminense-x-Avai-Sub-20-750x563.avif 750w\" sizes=\"auto, (max-width: 984px) 100vw, 984px\" \/><figcaption class=\"wp-element-caption\">Fluminense x Ava\u00ed &#8211; Brasileir\u00e3o Sub-20 \u2014 Foto: Nicholas Rodrigues\/FFC<\/figcaption><\/figure>\n<\/div>\n\n\n<p>O Fluminense ainda teve a chance de virar nos acr\u00e9scimos, mas Joaquim brilhou com uma defesa espetacular e garantiu o empate fora de casa para o Ava\u00ed. Mesmo assim, o Le\u00e3o da Ilha caiu para a lanterna da competi\u00e7\u00e3o, j\u00e1 que o Gr\u00eamio venceu o S\u00e3o Paulo. Este foi apenas o segundo ponto do Ava\u00ed em quatro rodadas.<\/p>\n\n\n\n<p>J\u00e1 o Tricolor das Laranjeiras, que chegou aos tr\u00eas pontos, viu o Am\u00e9rica-MG bater o Cuiab\u00e1 por 2 a 0 em Mato Grosso, resultado que colocou o time no Z3. A situa\u00e7\u00e3o pode piorar ainda mais caso o RB Bragantino ven\u00e7a o Bahia na tarde desta quinta-feira (2) e ultrapasse o Fluminense, que assim cairia para a vice-lanterna do Brasileir\u00e3o Sub-20.<\/p>\n\n\n\n<h2 class=\"wp-block-heading\">Os jogos da 4\u00aa rodada do Brasileir\u00e3o Sub-20<\/h2>\n\n\n\n<ul class=\"wp-block-list\">\n<li>01\/04, 10h00 &#8211; Botafogo 0 x 2 Palmeiras<\/li>\n\n\n\n<li>01\/04, 15h00 &#8211; Fluminense 3 x 3 Ava\u00ed<\/li>\n\n\n\n<li>01\/04, 15h00 &#8211; Athletico-PR 0 x 0 Santos<\/li>\n\n\n\n<li>01\/04, 15h00 &#8211; S\u00e3o Paulo 0 x 2 Gr\u00eamio<\/li>\n\n\n\n<li>01\/04, 15h00 &#8211; Corinthians 0 x 1 Fortaleza<\/li>\n\n\n\n<li>01\/04, 15h00 &#8211; Crici\u00fama 2 x 0 Flamengo<\/li>\n\n\n\n<li>01\/04, 16h00 &#8211; Cuiab\u00e1 0 x 2 Am\u00e9rica-MG<\/li>\n\n\n\n<li>02\/04, 15h00 &#8211; Cruzeiro x Vasco da Gama<\/li>\n\n\n\n<li>02\/04, 15h00 &#8211; RB Bragantino x Bahia<\/li>\n\n\n\n<li>02\/04, 20h00 &#8211; Vit\u00f3ria x Juventude<\/li>\n<\/ul>\n\n\n\n<p><\/p>\n","protected":false},"excerpt":{"rendered":"<p>Enquanto o time profissional do Fluminense vai muito bem, obrigado, o mesmo n\u00e3o pode se dizer dos meninos do Sub-20 do Tricolor Carioca. Horas antes de Zubeld\u00eda e companhia vencerem o Corinthians pelo placar de 3 a 1 e alcan\u00e7arem a vice-lideran\u00e7a do Brasileir\u00e3o, o time Sub-20 apenas empatou com o Ava\u00ed e caiu para [&hellip;]<\/p>\n","protected":false},"author":4,"featured_media":23373,"comment_status":"open","ping_status":"open","sticky":false,"template":"","format":"standard","meta":{"jnews-multi-image_gallery":[],"jnews_single_post":{"format":"standard"},"jnews_primary_category":[],"jnews_social_meta":[],"jnews_post_split":[],"footnotes":""},"categories":[1],"tags":[],"class_list":["post-23372","post","type-post","status-publish","format-standard","has-post-thumbnail","hentry","category-uncategorized"],"_links":{"self":[{"href":"https:\/\/diariodepernambuco.audiencelabs.com.br\/wp-json\/wp\/v2\/posts\/23372","targetHints":{"allow":["GET"]}}],"collection":[{"href":"https:\/\/diariodepernambuco.audiencelabs.com.br\/wp-json\/wp\/v2\/posts"}],"about":[{"href":"https:\/\/diariodepernambuco.audiencelabs.com.br\/wp-json\/wp\/v2\/types\/post"}],"author":[{"embeddable":true,"href":"https:\/\/diariodepernambuco.audiencelabs.com.br\/wp-json\/wp\/v2\/users\/4"}],"replies":[{"embeddable":true,"href":"https:\/\/diariodepernambuco.audiencelabs.com.br\/wp-json\/wp\/v2\/comments?post=23372"}],"version-history":[{"count":1,"href":"https:\/\/diariodepernambuco.audiencelabs.com.br\/wp-json\/wp\/v2\/posts\/23372\/revisions"}],"predecessor-version":[{"id":23376,"href":"https:\/\/diariodepernambuco.audiencelabs.com.br\/wp-json\/wp\/v2\/posts\/23372\/revisions\/23376"}],"wp:featuredmedia":[{"embeddable":true,"href":"https:\/\/diariodepernambuco.audiencelabs.com.br\/wp-json\/wp\/v2\/media\/23373"}],"wp:attachment":[{"href":"https:\/\/diariodepernambuco.audiencelabs.com.br\/wp-json\/wp\/v2\/media?parent=23372"}],"wp:term":[{"taxonomy":"category","embeddable":true,"href":"https:\/\/diariodepernambuco.audiencelabs.com.br\/wp-json\/wp\/v2\/categories?post=23372"},{"taxonomy":"post_tag","embeddable":true,"href":"https:\/\/diariodepernambuco.audiencelabs.com.br\/wp-json\/wp\/v2\/tags?post=23372"}],"curies":[{"name":"wp","href":"https:\/\/api.w.org\/{rel}","templated":true}]}}