{"id":23382,"date":"2026-04-06T17:15:00","date_gmt":"2026-04-06T20:15:00","guid":{"rendered":"https:\/\/diariodepernambuco.audiencelabs.com.br\/?p=23382"},"modified":"2026-04-06T16:01:50","modified_gmt":"2026-04-06T19:01:50","slug":"nova-lei-do-ipva-governo-aprovou-e-ja-vai-comecar-a-valer","status":"publish","type":"post","link":"https:\/\/diariodepernambuco.audiencelabs.com.br\/nova-lei-do-ipva-governo-aprovou-e-ja-vai-comecar-a-valer\/","title":{"rendered":"Nova lei do IPVA? Governo aprovou e j\u00e1 vai come\u00e7ar a valer"},"content":{"rendered":"\n<p>Uma nova lei envolvendo o IPVA passou a valer em 2026 e tem gerado grande repercuss\u00e3o entre motoristas \u2014 mas com um detalhe importante: a mudan\u00e7a aconteceu no estado do Paran\u00e1. A medida trouxe uma redu\u00e7\u00e3o significativa no valor do imposto, tornando o tributo mais acess\u00edvel para milh\u00f5es de propriet\u00e1rios de ve\u00edculos.<\/p>\n\n\n\n<p>A principal mudan\u00e7a foi a redu\u00e7\u00e3o da al\u00edquota do IPVA, que caiu de 3,5% para 1,9% sobre o valor do ve\u00edculo. Na pr\u00e1tica, isso representa uma diminui\u00e7\u00e3o de cerca de 45% no imposto pago pelos motoristas, colocando o estado com uma das menores cobran\u00e7as do pa\u00eds.<\/p>\n\n\n\n<p>O impacto foi imediato: mais de 4 milh\u00f5es de ve\u00edculos foram beneficiados com a nova regra, e muitos contribuintes passaram a quitar o imposto \u00e0 vista logo no in\u00edcio do ano, aproveitando tamb\u00e9m descontos adicionais oferecidos pelo governo estadual.<\/p>\n\n\n\n<p>Apesar de chamar aten\u00e7\u00e3o nacional, \u00e9 importante destacar que a mudan\u00e7a n\u00e3o vale para todo o Brasil. O IPVA \u00e9 um imposto estadual, o que significa que cada estado define suas pr\u00f3prias regras. Ou seja, a redu\u00e7\u00e3o aplicada no Paran\u00e1 n\u00e3o \u00e9 autom\u00e1tica em outras regi\u00f5es do pa\u00eds.<\/p>\n\n\n\n<h2 class=\"wp-block-heading\">Redu\u00e7\u00e3o hist\u00f3rica pode influenciar outros estados<\/h2>\n\n\n\n<p>A queda expressiva no valor do imposto tem sido vista como uma estrat\u00e9gia para aumentar a arrecada\u00e7\u00e3o por meio da redu\u00e7\u00e3o da inadimpl\u00eancia. Com o IPVA mais barato, mais motoristas conseguem pagar o tributo em dia, o que melhora o fluxo de receita do estado e reduz d\u00edvidas acumuladas.<\/p>\n\n\n\n<p>Al\u00e9m disso, o caso do Paran\u00e1 pode servir de refer\u00eancia para outras unidades da federa\u00e7\u00e3o. Caso os resultados continuem positivos, existe a possibilidade de que outros estados estudem medidas semelhantes, buscando equilibrar arrecada\u00e7\u00e3o e al\u00edvio financeiro para a popula\u00e7\u00e3o.<\/p>\n\n\n\n<p><\/p>\n","protected":false},"excerpt":{"rendered":"<p>Uma nova lei envolvendo o IPVA passou a valer em 2026 e tem gerado grande repercuss\u00e3o entre motoristas \u2014 mas com um detalhe importante: a mudan\u00e7a aconteceu no estado do Paran\u00e1. A medida trouxe uma redu\u00e7\u00e3o significativa no valor do imposto, tornando o tributo mais acess\u00edvel para milh\u00f5es de propriet\u00e1rios de ve\u00edculos. A principal mudan\u00e7a [&hellip;]<\/p>\n","protected":false},"author":4,"featured_media":23386,"comment_status":"open","ping_status":"open","sticky":false,"template":"","format":"standard","meta":{"jnews-multi-image_gallery":[],"jnews_single_post":{"format":"standard"},"jnews_primary_category":[],"jnews_social_meta":[],"jnews_post_split":[],"footnotes":""},"categories":[1],"tags":[],"class_list":["post-23382","post","type-post","status-publish","format-standard","has-post-thumbnail","hentry","category-uncategorized"],"_links":{"self":[{"href":"https:\/\/diariodepernambuco.audiencelabs.com.br\/wp-json\/wp\/v2\/posts\/23382","targetHints":{"allow":["GET"]}}],"collection":[{"href":"https:\/\/diariodepernambuco.audiencelabs.com.br\/wp-json\/wp\/v2\/posts"}],"about":[{"href":"https:\/\/diariodepernambuco.audiencelabs.com.br\/wp-json\/wp\/v2\/types\/post"}],"author":[{"embeddable":true,"href":"https:\/\/diariodepernambuco.audiencelabs.com.br\/wp-json\/wp\/v2\/users\/4"}],"replies":[{"embeddable":true,"href":"https:\/\/diariodepernambuco.audiencelabs.com.br\/wp-json\/wp\/v2\/comments?post=23382"}],"version-history":[{"count":2,"href":"https:\/\/diariodepernambuco.audiencelabs.com.br\/wp-json\/wp\/v2\/posts\/23382\/revisions"}],"predecessor-version":[{"id":23385,"href":"https:\/\/diariodepernambuco.audiencelabs.com.br\/wp-json\/wp\/v2\/posts\/23382\/revisions\/23385"}],"wp:featuredmedia":[{"embeddable":true,"href":"https:\/\/diariodepernambuco.audiencelabs.com.br\/wp-json\/wp\/v2\/media\/23386"}],"wp:attachment":[{"href":"https:\/\/diariodepernambuco.audiencelabs.com.br\/wp-json\/wp\/v2\/media?parent=23382"}],"wp:term":[{"taxonomy":"category","embeddable":true,"href":"https:\/\/diariodepernambuco.audiencelabs.com.br\/wp-json\/wp\/v2\/categories?post=23382"},{"taxonomy":"post_tag","embeddable":true,"href":"https:\/\/diariodepernambuco.audiencelabs.com.br\/wp-json\/wp\/v2\/tags?post=23382"}],"curies":[{"name":"wp","href":"https:\/\/api.w.org\/{rel}","templated":true}]}}