{"id":23393,"date":"2026-04-02T13:02:53","date_gmt":"2026-04-02T16:02:53","guid":{"rendered":"https:\/\/diariodepernambuco.audiencelabs.com.br\/?p=23393"},"modified":"2026-04-02T13:03:10","modified_gmt":"2026-04-02T16:03:10","slug":"cidade-do-interior-brasileiro-parece-a-europa-e-voce-precisa-visitar","status":"publish","type":"post","link":"https:\/\/diariodepernambuco.audiencelabs.com.br\/cidade-do-interior-brasileiro-parece-a-europa-e-voce-precisa-visitar\/","title":{"rendered":"Cidade do interior brasileiro parece a Europa e voc\u00ea precisa visitar"},"content":{"rendered":"\n<p>Ao se pensar<strong> em cidades do interior<\/strong>, o imagin\u00e1rio popular ainda as associa \u00e0 imagem de locais mais simples, cercados principalmente por fazendas e pela natureza, e com op\u00e7\u00f5es de entretenimento bastante limitadas.<\/p>\n\n\n\n<p>Por\u00e9m, essa est\u00e1 longe de ser uma descri\u00e7\u00e3o que define <strong>Gramado<\/strong>, um munic\u00edpio localizado na regi\u00e3o da Serra Ga\u00facha, no Rio Grande do Sul. Contando com forte influ\u00eancia alem\u00e3 e italiana em sua demografia, o local \u00e9 considerado um peda\u00e7o da Europa no Brasil.<\/p>\n\n\n\n<p>E vale destacar que n\u00e3o faltam aspectos para contribuir para essa defini\u00e7\u00e3o, j\u00e1 que toda a infraestrutura da cidade<strong> remete bastante a constru\u00e7\u00f5es vistas no &#8220;Velho continente&#8221;<\/strong>, incluindo pr\u00e9dios e estabelecimentos em estilo enxaimel.<\/p>\n\n\n\n<p>Al\u00e9m disso, a <strong>culin\u00e1ria de pa\u00edses europeus<\/strong> ainda predomina em Gramado, com diversos restaurantes oferecendo pratos como salsichas bock, chucrute, <em>Eisbein<\/em> (joelho de porco), bem como massas artesanais, incluindo nhoques e lasanhas.<\/p>\n\n\n\n<p>A ambienta\u00e7\u00e3o da cidade como um todo tamb\u00e9m contribui para as compara\u00e7\u00f5es com a Europa, j\u00e1 que por estar situada a 830 metros de atitude e bem em meio \u00e0 Serra Ga\u00facha, Gramado ainda <strong>conta com um clima de montanha e belezas naturais <\/strong>que complementam seu visual.<\/p>\n\n\n\n<h2 class=\"wp-block-heading\">O que fazer em Gramado: conhe\u00e7a pontos tur\u00edsticos da cidade<\/h2>\n\n\n\n<p>Embora sua popularidade aumente ainda mais durante o inverno por conta da possibilidade de geada, \u00e9 relevante destacar que Gramado <strong>conta com atra\u00e7\u00f5es que prometem atrair o p\u00fablico em qualquer \u00e9poca do ano<\/strong>, como:<\/p>\n\n\n\n<ul class=\"wp-block-list\">\n<li>Lago Negro, Lago Joaquina Rita Bier, Rua Torta, Pra\u00e7a das Etnias, que representam as belezas naturais da regi\u00e3o;<\/li>\n\n\n\n<li>Snowland, Mini Mundo, Terra M\u00e1gica Florybal e Acquamotion, que s\u00e3o parques tem\u00e1ticos com diferentes tipos de op\u00e7\u00f5es de divers\u00e3o;<\/li>\n\n\n\n<li>Igreja S\u00e3o Pedro, Pal\u00e1cio dos Festivais, Fonte do Amor Eterno, museus tem\u00e1ticos, que integram o lado cultural da cidade;<\/li>\n\n\n\n<li>Restaurantes, caf\u00e9s coloniais e f\u00e1bricas de chocolate, que exaltam a culin\u00e1ria caracter\u00edstica do local.<\/li>\n<\/ul>\n","protected":false},"excerpt":{"rendered":"<p>Ao se pensar em cidades do interior, o imagin\u00e1rio popular ainda as associa \u00e0 imagem de locais mais simples, cercados principalmente por fazendas e pela natureza, e com op\u00e7\u00f5es de entretenimento bastante limitadas. Por\u00e9m, essa est\u00e1 longe de ser uma descri\u00e7\u00e3o que define Gramado, um munic\u00edpio localizado na regi\u00e3o da Serra Ga\u00facha, no Rio Grande [&hellip;]<\/p>\n","protected":false},"author":15,"featured_media":23394,"comment_status":"open","ping_status":"open","sticky":false,"template":"","format":"standard","meta":{"jnews-multi-image_gallery":[],"jnews_single_post":{"format":"standard"},"jnews_primary_category":[],"jnews_social_meta":[],"jnews_post_split":[],"footnotes":""},"categories":[1],"tags":[],"class_list":["post-23393","post","type-post","status-publish","format-standard","has-post-thumbnail","hentry","category-uncategorized"],"_links":{"self":[{"href":"https:\/\/diariodepernambuco.audiencelabs.com.br\/wp-json\/wp\/v2\/posts\/23393","targetHints":{"allow":["GET"]}}],"collection":[{"href":"https:\/\/diariodepernambuco.audiencelabs.com.br\/wp-json\/wp\/v2\/posts"}],"about":[{"href":"https:\/\/diariodepernambuco.audiencelabs.com.br\/wp-json\/wp\/v2\/types\/post"}],"author":[{"embeddable":true,"href":"https:\/\/diariodepernambuco.audiencelabs.com.br\/wp-json\/wp\/v2\/users\/15"}],"replies":[{"embeddable":true,"href":"https:\/\/diariodepernambuco.audiencelabs.com.br\/wp-json\/wp\/v2\/comments?post=23393"}],"version-history":[{"count":1,"href":"https:\/\/diariodepernambuco.audiencelabs.com.br\/wp-json\/wp\/v2\/posts\/23393\/revisions"}],"predecessor-version":[{"id":23399,"href":"https:\/\/diariodepernambuco.audiencelabs.com.br\/wp-json\/wp\/v2\/posts\/23393\/revisions\/23399"}],"wp:featuredmedia":[{"embeddable":true,"href":"https:\/\/diariodepernambuco.audiencelabs.com.br\/wp-json\/wp\/v2\/media\/23394"}],"wp:attachment":[{"href":"https:\/\/diariodepernambuco.audiencelabs.com.br\/wp-json\/wp\/v2\/media?parent=23393"}],"wp:term":[{"taxonomy":"category","embeddable":true,"href":"https:\/\/diariodepernambuco.audiencelabs.com.br\/wp-json\/wp\/v2\/categories?post=23393"},{"taxonomy":"post_tag","embeddable":true,"href":"https:\/\/diariodepernambuco.audiencelabs.com.br\/wp-json\/wp\/v2\/tags?post=23393"}],"curies":[{"name":"wp","href":"https:\/\/api.w.org\/{rel}","templated":true}]}}