{"id":23396,"date":"2026-04-02T13:30:00","date_gmt":"2026-04-02T16:30:00","guid":{"rendered":"https:\/\/diariodepernambuco.audiencelabs.com.br\/?p=23396"},"modified":"2026-04-02T13:26:10","modified_gmt":"2026-04-02T16:26:10","slug":"carro-eletrico-mais-bonito-e-moderno-domina-lideranca-de-vendas-no-brasil","status":"publish","type":"post","link":"https:\/\/diariodepernambuco.audiencelabs.com.br\/carro-eletrico-mais-bonito-e-moderno-domina-lideranca-de-vendas-no-brasil\/","title":{"rendered":"Carro el\u00e9trico mais bonito e moderno domina lideran\u00e7a de vendas no Brasil"},"content":{"rendered":"\n<p>A BYD tem crescido cada vez mais no Brasil e n\u00e3o esconde que o seu maior objetivo \u00e9 liderar o mercado automotivo brasileiro at\u00e9 2030. Para uma empresa que chegou h\u00e1 pouco tempo no pa\u00eds, a meta poderia parecer ousada, mas n\u00fameros recentes sugerem que ela est\u00e1 cada vez mais pr\u00f3xima desse objetivo.<\/p>\n\n\n\n<p>Entre os destaques da BYD no Brasil est\u00e1 o <strong>Dolphin Mini<\/strong>, que arrecadou 4.094 unidades em fevereiro, se tornando o primeiro modelo el\u00e9trico a liderar o ranking mensal de vendas no mercado automotivo no pa\u00eds. Este tamb\u00e9m foi o primeiro modelo de uma montadora chinesa a assumir a lideran\u00e7a, segundo a Fenabrave.<\/p>\n\n\n\n<p>A ascens\u00e3o do Dolphin Mini ocorre exatamente dois anos ap\u00f3s seu lan\u00e7amento oficial no pa\u00eds, em fevereiro de 2024, e j\u00e1 totaliza mais de 62 mil unidades vendidas desde ent\u00e3o. Segundo o site Xinhua, o modelo se consolidou como o el\u00e9trico mais vendido do Brasil, com 21 mil emplacamentos em 2024 e 32 mil em 2025.<\/p>\n\n\n\n<h2 class=\"wp-block-heading\">Brasil no centro<\/h2>\n\n\n\n<p>O Brasil j\u00e1 ocupa um papel importante dentro da opera\u00e7\u00e3o internacional da BYD, sendo hoje o principal mercado da empresa fora da China. O cen\u00e1rio animador faz com que a montadora avance na constru\u00e7\u00e3o de uma base no pa\u00eds, com a implanta\u00e7\u00e3o de uma f\u00e1brica em Cama\u00e7ari, na Bahia, que deve ampliar a produ\u00e7\u00e3o local para at\u00e9 600 mil unidades por ano e reduzir a depend\u00eancia de importa\u00e7\u00f5es.<\/p>\n\n\n\n<h2 class=\"wp-block-heading\">Novo ritmo para o setor<\/h2>\n\n\n\n<p>Com os n\u00fameros altos e a nova f\u00e1brica no Brasil, a BYD cria uma press\u00e3o sobre as concorrentes tradicionais, aumentando a competitividade em custos e comercializa\u00e7\u00e3o. Ainda segundo o site Xinhua, o diretor de Marketing e Comunica\u00e7\u00f5es da BYD Brasil, Pablo Toledo, afirmou que os consumidores est\u00e3o cada vez mais atentos aos ve\u00edculos el\u00e9tricos, impulsionados tamb\u00e9m pela oscila\u00e7\u00e3o dos pre\u00e7os internacionais do petr\u00f3leo, que refor\u00e7a a demanda por alternativas de energia limpa.<\/p>\n\n\n\n<p>Se mantiver esse ritmo, a BYD n\u00e3o apenas continuar\u00e1 crescendo, como pode tornar sua meta de lideran\u00e7a cada vez mais concreta e transformar definitivamente o cen\u00e1rio automotivo no Brasil.<\/p>\n","protected":false},"excerpt":{"rendered":"<p>A BYD tem crescido cada vez mais no Brasil e n\u00e3o esconde que o seu maior objetivo \u00e9 liderar o mercado automotivo brasileiro at\u00e9 2030. Para uma empresa que chegou h\u00e1 pouco tempo no pa\u00eds, a meta poderia parecer ousada, mas n\u00fameros recentes sugerem que ela est\u00e1 cada vez mais pr\u00f3xima desse objetivo. Entre os [&hellip;]<\/p>\n","protected":false},"author":17,"featured_media":23402,"comment_status":"open","ping_status":"open","sticky":false,"template":"","format":"standard","meta":{"jnews-multi-image_gallery":[],"jnews_single_post":{"format":"standard"},"jnews_primary_category":[],"jnews_social_meta":[],"jnews_post_split":[],"footnotes":""},"categories":[1],"tags":[],"class_list":["post-23396","post","type-post","status-publish","format-standard","has-post-thumbnail","hentry","category-uncategorized"],"_links":{"self":[{"href":"https:\/\/diariodepernambuco.audiencelabs.com.br\/wp-json\/wp\/v2\/posts\/23396","targetHints":{"allow":["GET"]}}],"collection":[{"href":"https:\/\/diariodepernambuco.audiencelabs.com.br\/wp-json\/wp\/v2\/posts"}],"about":[{"href":"https:\/\/diariodepernambuco.audiencelabs.com.br\/wp-json\/wp\/v2\/types\/post"}],"author":[{"embeddable":true,"href":"https:\/\/diariodepernambuco.audiencelabs.com.br\/wp-json\/wp\/v2\/users\/17"}],"replies":[{"embeddable":true,"href":"https:\/\/diariodepernambuco.audiencelabs.com.br\/wp-json\/wp\/v2\/comments?post=23396"}],"version-history":[{"count":3,"href":"https:\/\/diariodepernambuco.audiencelabs.com.br\/wp-json\/wp\/v2\/posts\/23396\/revisions"}],"predecessor-version":[{"id":23458,"href":"https:\/\/diariodepernambuco.audiencelabs.com.br\/wp-json\/wp\/v2\/posts\/23396\/revisions\/23458"}],"wp:featuredmedia":[{"embeddable":true,"href":"https:\/\/diariodepernambuco.audiencelabs.com.br\/wp-json\/wp\/v2\/media\/23402"}],"wp:attachment":[{"href":"https:\/\/diariodepernambuco.audiencelabs.com.br\/wp-json\/wp\/v2\/media?parent=23396"}],"wp:term":[{"taxonomy":"category","embeddable":true,"href":"https:\/\/diariodepernambuco.audiencelabs.com.br\/wp-json\/wp\/v2\/categories?post=23396"},{"taxonomy":"post_tag","embeddable":true,"href":"https:\/\/diariodepernambuco.audiencelabs.com.br\/wp-json\/wp\/v2\/tags?post=23396"}],"curies":[{"name":"wp","href":"https:\/\/api.w.org\/{rel}","templated":true}]}}