{"id":23406,"date":"2026-04-05T07:35:00","date_gmt":"2026-04-05T10:35:00","guid":{"rendered":"https:\/\/diariodepernambuco.audiencelabs.com.br\/?p=23406"},"modified":"2026-04-02T13:34:34","modified_gmt":"2026-04-02T16:34:34","slug":"qual-e-o-verdadeiro-significado-da-morte-de-jesus","status":"publish","type":"post","link":"https:\/\/diariodepernambuco.audiencelabs.com.br\/qual-e-o-verdadeiro-significado-da-morte-de-jesus\/","title":{"rendered":"Qual \u00e9 o verdadeiro significado da morte de Jesus?"},"content":{"rendered":"\n<p>A morte de Jesus Cristo \u00e9 considerada o centro da f\u00e9 crist\u00e3 e carrega um significado profundo que vai al\u00e9m do sofrimento f\u00edsico na cruz. Para os crist\u00e3os, esse momento representa o cumprimento de um prop\u00f3sito divino: reconciliar a humanidade com Deus e oferecer perd\u00e3o pelos pecados.<\/p>\n\n\n\n<p>Segundo a teologia crist\u00e3, a crucifica\u00e7\u00e3o \u00e9 entendida como um sacrif\u00edcio volunt\u00e1rio. Jesus teria se entregado por amor, assumindo sobre si as falhas humanas para restaurar a rela\u00e7\u00e3o entre Deus e as pessoas. Esse ato \u00e9 visto como a base da salva\u00e7\u00e3o, j\u00e1 que, por meio dele, a humanidade teria uma nova chance de recome\u00e7o espiritual.<\/p>\n\n\n\n<p>Outro ponto importante \u00e9 a ideia de justi\u00e7a divina. A morte de Jesus \u00e9 interpretada como a resposta de Deus ao problema do pecado: ao mesmo tempo em que h\u00e1 justi\u00e7a \u2014 pois o pecado \u00e9 confrontado \u2014 tamb\u00e9m h\u00e1 gra\u00e7a, j\u00e1 que o pr\u00f3prio Deus oferece o caminho para o perd\u00e3o. Assim, a cruz se torna s\u00edmbolo de equil\u00edbrio entre justi\u00e7a e miseric\u00f3rdia.<\/p>\n\n\n\n<p>Al\u00e9m disso, a morte de Jesus n\u00e3o \u00e9 vista como um fim, mas como parte de um processo que culmina na ressurrei\u00e7\u00e3o. Para os crist\u00e3os, esse evento representa a vit\u00f3ria sobre o pecado e a morte, refor\u00e7ando a esperan\u00e7a na vida eterna e dando sentido \u00e0 celebra\u00e7\u00e3o da P\u00e1scoa Crist\u00e3.<\/p>\n\n\n\n<h2 class=\"wp-block-heading\">Sacrif\u00edcio, amor e reden\u00e7\u00e3o<\/h2>\n\n\n\n<p>A morte de Jesus tamb\u00e9m \u00e9 interpretada como a maior demonstra\u00e7\u00e3o de amor. Mesmo diante do sofrimento, ele teria permanecido fiel ao prop\u00f3sito de salvar a humanidade, evidenciando uma entrega total e incondicional.<\/p>\n\n\n\n<p>Esse entendimento faz com que a cruz deixe de ser apenas um s\u00edmbolo de dor e passe a representar reden\u00e7\u00e3o e esperan\u00e7a. Para os crist\u00e3os, o significado mais profundo desse acontecimento est\u00e1 na transforma\u00e7\u00e3o que ele oferece: a possibilidade de perd\u00e3o, reconcilia\u00e7\u00e3o com Deus e uma nova vida baseada na f\u00e9.<\/p>\n\n\n\n<p><\/p>\n","protected":false},"excerpt":{"rendered":"<p>A morte de Jesus Cristo \u00e9 considerada o centro da f\u00e9 crist\u00e3 e carrega um significado profundo que vai al\u00e9m do sofrimento f\u00edsico na cruz. Para os crist\u00e3os, esse momento representa o cumprimento de um prop\u00f3sito divino: reconciliar a humanidade com Deus e oferecer perd\u00e3o pelos pecados. Segundo a teologia crist\u00e3, a crucifica\u00e7\u00e3o \u00e9 entendida [&hellip;]<\/p>\n","protected":false},"author":4,"featured_media":23410,"comment_status":"open","ping_status":"open","sticky":false,"template":"","format":"standard","meta":{"jnews-multi-image_gallery":[],"jnews_single_post":{"format":"standard"},"jnews_primary_category":[],"jnews_social_meta":[],"jnews_post_split":[],"footnotes":""},"categories":[1],"tags":[],"class_list":["post-23406","post","type-post","status-publish","format-standard","has-post-thumbnail","hentry","category-uncategorized"],"_links":{"self":[{"href":"https:\/\/diariodepernambuco.audiencelabs.com.br\/wp-json\/wp\/v2\/posts\/23406","targetHints":{"allow":["GET"]}}],"collection":[{"href":"https:\/\/diariodepernambuco.audiencelabs.com.br\/wp-json\/wp\/v2\/posts"}],"about":[{"href":"https:\/\/diariodepernambuco.audiencelabs.com.br\/wp-json\/wp\/v2\/types\/post"}],"author":[{"embeddable":true,"href":"https:\/\/diariodepernambuco.audiencelabs.com.br\/wp-json\/wp\/v2\/users\/4"}],"replies":[{"embeddable":true,"href":"https:\/\/diariodepernambuco.audiencelabs.com.br\/wp-json\/wp\/v2\/comments?post=23406"}],"version-history":[{"count":2,"href":"https:\/\/diariodepernambuco.audiencelabs.com.br\/wp-json\/wp\/v2\/posts\/23406\/revisions"}],"predecessor-version":[{"id":23411,"href":"https:\/\/diariodepernambuco.audiencelabs.com.br\/wp-json\/wp\/v2\/posts\/23406\/revisions\/23411"}],"wp:featuredmedia":[{"embeddable":true,"href":"https:\/\/diariodepernambuco.audiencelabs.com.br\/wp-json\/wp\/v2\/media\/23410"}],"wp:attachment":[{"href":"https:\/\/diariodepernambuco.audiencelabs.com.br\/wp-json\/wp\/v2\/media?parent=23406"}],"wp:term":[{"taxonomy":"category","embeddable":true,"href":"https:\/\/diariodepernambuco.audiencelabs.com.br\/wp-json\/wp\/v2\/categories?post=23406"},{"taxonomy":"post_tag","embeddable":true,"href":"https:\/\/diariodepernambuco.audiencelabs.com.br\/wp-json\/wp\/v2\/tags?post=23406"}],"curies":[{"name":"wp","href":"https:\/\/api.w.org\/{rel}","templated":true}]}}