{"id":23413,"date":"2026-04-03T13:03:00","date_gmt":"2026-04-03T16:03:00","guid":{"rendered":"https:\/\/diariodepernambuco.audiencelabs.com.br\/?p=23413"},"modified":"2026-04-02T13:59:26","modified_gmt":"2026-04-02T16:59:26","slug":"montadora-de-carro-da-china-desembarcou-no-brasil-e-quer-dominar-o-pais","status":"publish","type":"post","link":"https:\/\/diariodepernambuco.audiencelabs.com.br\/montadora-de-carro-da-china-desembarcou-no-brasil-e-quer-dominar-o-pais\/","title":{"rendered":"Montadora de carro da China desembarcou no Brasil e quer dominar o pa\u00eds"},"content":{"rendered":"\n<p>Durante anos, empresas como a italiana Fiat, a alem\u00e3 Volkswagen e a estadunidense Chevrolet <strong>dominaram o mercado automobil\u00edstico brasileiro<\/strong>, se destacando por seus expressivos n\u00fameros de vendas no pa\u00eds, sobretudo por conta de seus modelos mais populares.<\/p>\n\n\n\n<p>Contudo, esse p\u00f3dio pode ser alterado muito em breve, j\u00e1 que de acordo com o diretor de branding e comunica\u00e7\u00e3o da BYD Brasil, Pablo Toledo, a montadora chinesa <strong>j\u00e1 tem planos para se consolidar entre os destaques do setor no Brasil<\/strong>.<\/p>\n\n\n\n<p>Em entrevista ao portal <em>CNN<\/em>, o executivo revelou que a empresa pretende alcan\u00e7ar o top 3 ainda nos pr\u00f3ximos dois anos. Al\u00e9m disso, at\u00e9 2030, a BYD espera<strong> assumir a primeira posi\u00e7\u00e3o<\/strong>, passando a ocupar o lugar que vem sendo ocupado pela Fiat h\u00e1 pelo menos cinco anos.<\/p>\n\n\n\n<p>E embora a afirma\u00e7\u00e3o de Toledo pare\u00e7a ambiciosa, considerando que a gigante chinesa est\u00e1 no pa\u00eds h\u00e1 bem menos tempo do que as demais montadoras, os registros de vendas revelam que<strong> h\u00e1 potencial para alcan\u00e7ar o objetivo<\/strong>.<\/p>\n\n\n\n<p>Ainda durante a entrevista \u00e0 CNN, afirmou que a BYD j\u00e1 estava preparada para esse grande salto em sua popularidade. No entanto, ele tamb\u00e9m reconheceu que, para que os planos de sucesso se concretizem,<strong> o Brasil tamb\u00e9m precisa estar estruturado<\/strong>, a fim de evitar sobrecargas na rede el\u00e9trica.<\/p>\n\n\n\n<h2 class=\"wp-block-heading\">BYD Dolphin Mini: carro de montadora chinesa se destacou no top 10 nacional<\/h2>\n\n\n\n<p>Conforme citado anteriormente, os resultados positivos que a BYD tem alcan\u00e7ado no Brasil serviram como inspira\u00e7\u00e3o para que a montadora se dedicasse \u00e0 miss\u00e3o de se consolidar entre as marcas de maior sucesso do pa\u00eds.<\/p>\n\n\n\n<p>E vale destacar que grande parte desses n\u00fameros s\u00e3o atribu\u00eddos <strong>ao BYD Dolphin Mini<\/strong>, o hatch el\u00e9trico da empresa, que no \u00faltimo m\u00eas, conseguiu superar o Creta, da Hyundai, e o Kwid, da Renault, no n\u00famero de vendas.<\/p>\n\n\n\n<p>De acordo com informa\u00e7\u00f5es divulgadas pelo portal <em>Auto Esporte<\/em>, o modelo registrou <strong>mais de 7 mil emplacamentos ao longo de mar\u00e7o<\/strong> e, com isso, garantiu a nona posi\u00e7\u00e3o no ranking mensal.<\/p>\n","protected":false},"excerpt":{"rendered":"<p>Durante anos, empresas como a italiana Fiat, a alem\u00e3 Volkswagen e a estadunidense Chevrolet dominaram o mercado automobil\u00edstico brasileiro, se destacando por seus expressivos n\u00fameros de vendas no pa\u00eds, sobretudo por conta de seus modelos mais populares. Contudo, esse p\u00f3dio pode ser alterado muito em breve, j\u00e1 que de acordo com o diretor de branding [&hellip;]<\/p>\n","protected":false},"author":15,"featured_media":23415,"comment_status":"open","ping_status":"open","sticky":false,"template":"","format":"standard","meta":{"jnews-multi-image_gallery":[],"jnews_single_post":{"format":"standard"},"jnews_primary_category":[],"jnews_social_meta":[],"jnews_post_split":[],"footnotes":""},"categories":[1],"tags":[],"class_list":["post-23413","post","type-post","status-publish","format-standard","has-post-thumbnail","hentry","category-uncategorized"],"_links":{"self":[{"href":"https:\/\/diariodepernambuco.audiencelabs.com.br\/wp-json\/wp\/v2\/posts\/23413","targetHints":{"allow":["GET"]}}],"collection":[{"href":"https:\/\/diariodepernambuco.audiencelabs.com.br\/wp-json\/wp\/v2\/posts"}],"about":[{"href":"https:\/\/diariodepernambuco.audiencelabs.com.br\/wp-json\/wp\/v2\/types\/post"}],"author":[{"embeddable":true,"href":"https:\/\/diariodepernambuco.audiencelabs.com.br\/wp-json\/wp\/v2\/users\/15"}],"replies":[{"embeddable":true,"href":"https:\/\/diariodepernambuco.audiencelabs.com.br\/wp-json\/wp\/v2\/comments?post=23413"}],"version-history":[{"count":1,"href":"https:\/\/diariodepernambuco.audiencelabs.com.br\/wp-json\/wp\/v2\/posts\/23413\/revisions"}],"predecessor-version":[{"id":23421,"href":"https:\/\/diariodepernambuco.audiencelabs.com.br\/wp-json\/wp\/v2\/posts\/23413\/revisions\/23421"}],"wp:featuredmedia":[{"embeddable":true,"href":"https:\/\/diariodepernambuco.audiencelabs.com.br\/wp-json\/wp\/v2\/media\/23415"}],"wp:attachment":[{"href":"https:\/\/diariodepernambuco.audiencelabs.com.br\/wp-json\/wp\/v2\/media?parent=23413"}],"wp:term":[{"taxonomy":"category","embeddable":true,"href":"https:\/\/diariodepernambuco.audiencelabs.com.br\/wp-json\/wp\/v2\/categories?post=23413"},{"taxonomy":"post_tag","embeddable":true,"href":"https:\/\/diariodepernambuco.audiencelabs.com.br\/wp-json\/wp\/v2\/tags?post=23413"}],"curies":[{"name":"wp","href":"https:\/\/api.w.org\/{rel}","templated":true}]}}