{"id":23424,"date":"2026-04-03T14:02:00","date_gmt":"2026-04-03T17:02:00","guid":{"rendered":"https:\/\/diariodepernambuco.audiencelabs.com.br\/?p=23424"},"modified":"2026-04-02T14:36:00","modified_gmt":"2026-04-02T17:36:00","slug":"fazenda-historica-de-150-anos-foi-restaurada-e-pertence-a-casal-famoso","status":"publish","type":"post","link":"https:\/\/diariodepernambuco.audiencelabs.com.br\/fazenda-historica-de-150-anos-foi-restaurada-e-pertence-a-casal-famoso\/","title":{"rendered":"Fazenda hist\u00f3rica de 150 anos foi restaurada e pertence a casal famoso"},"content":{"rendered":"\n<p>Localizada no interior de S\u00e3o Paulo,\u00a0<strong>a gigantesca fazenda S\u00e3o Beno<\/strong>, que j\u00e1 possui mais de 150 anos de exist\u00eancia, est\u00e1 passando por grandes reformas para se tornar o novo lar de um casal de famosos da televis\u00e3o brasileira<\/p>\n\n\n\n<p>Isso porque os apresentadores <strong>Ana Hickmann e Edu Guedes<\/strong> adquiriram a propriedade em meados de julho de 2024 e, desde ent\u00e3o, passaram a se dedicar \u00e0 restaura\u00e7\u00e3o do local, que foi rebatizado de <em>Casa Gialla<\/em>.<\/p>\n\n\n\n<p>A estrutura da fazenda chamou a aten\u00e7\u00e3o dos f\u00e3s do casal, pois, al\u00e9m de incluir um amplo jardim que contribui para a atmosfera de tranquilidade, o im\u00f3vel ainda disp\u00f5e de uma \u00e1rea interna funcional, adequada <strong>tanto para a conviv\u00eancia quanto para a recep\u00e7\u00e3o de convidados<\/strong>.<\/p>\n\n\n\n<p>Nas redes sociais, Ana e Edu revelaram suas inten\u00e7\u00f5es de <strong>trazer ares de modernidade para o novo lar<\/strong>. Por conta disso, muitos elementos, como os lustres da casa, e c\u00f4modos, como os antigos quartos, passar\u00e3o por grandes altera\u00e7\u00f5es.<\/p>\n\n\n\n<p>Al\u00e9m disso, <strong>uma ampla mesa de jantar em estilo r\u00fastico<\/strong>, com capacidade para 10 pessoas, tamb\u00e9m pode passar por altera\u00e7\u00f5es, j\u00e1 que, de acordo com Edu, o tom escuro do m\u00f3vel pode divergir das propostas que o casal tem idealizado para o ambiente.<\/p>\n\n\n\n<h2 class=\"wp-block-heading\">Elementos hist\u00f3ricos da fazenda foram preservados<\/h2>\n\n\n\n<p>Mesmo tendo planejado altera\u00e7\u00f5es significativas, visando atender demandas atuais, o casal ainda optou por manter muitas das caracter\u00edsticas originais da fazenda S\u00e3o Beno e, assim, preservar a ess\u00eancia da constru\u00e7\u00e3o.<\/p>\n\n\n\n<p>Entre os c\u00f4modos que n\u00e3o passar\u00e3o por grandes reformas, est\u00e1<strong> uma cozinha que ainda apresenta sua estrutura original<\/strong>, contando com paredes grossas e arm\u00e1rios antigos, garantindo um charme r\u00fastico ao ambiente.<\/p>\n\n\n\n<p>J\u00e1 o lavabo traz um toque de eleg\u00e2ncia por conta <strong>dos azulejos portugueses que o decoram<\/strong> e, por conta disso, tamb\u00e9m deve manter grande parte de sua estrutura, passando apenas por ajustes mais simples.<\/p>\n","protected":false},"excerpt":{"rendered":"<p>Localizada no interior de S\u00e3o Paulo,\u00a0a gigantesca fazenda S\u00e3o Beno, que j\u00e1 possui mais de 150 anos de exist\u00eancia, est\u00e1 passando por grandes reformas para se tornar o novo lar de um casal de famosos da televis\u00e3o brasileira Isso porque os apresentadores Ana Hickmann e Edu Guedes adquiriram a propriedade em meados de julho de [&hellip;]<\/p>\n","protected":false},"author":15,"featured_media":23427,"comment_status":"open","ping_status":"open","sticky":false,"template":"","format":"standard","meta":{"jnews-multi-image_gallery":[],"jnews_single_post":{"format":"standard"},"jnews_primary_category":[],"jnews_social_meta":[],"jnews_post_split":[],"footnotes":""},"categories":[1],"tags":[],"class_list":["post-23424","post","type-post","status-publish","format-standard","has-post-thumbnail","hentry","category-uncategorized"],"_links":{"self":[{"href":"https:\/\/diariodepernambuco.audiencelabs.com.br\/wp-json\/wp\/v2\/posts\/23424","targetHints":{"allow":["GET"]}}],"collection":[{"href":"https:\/\/diariodepernambuco.audiencelabs.com.br\/wp-json\/wp\/v2\/posts"}],"about":[{"href":"https:\/\/diariodepernambuco.audiencelabs.com.br\/wp-json\/wp\/v2\/types\/post"}],"author":[{"embeddable":true,"href":"https:\/\/diariodepernambuco.audiencelabs.com.br\/wp-json\/wp\/v2\/users\/15"}],"replies":[{"embeddable":true,"href":"https:\/\/diariodepernambuco.audiencelabs.com.br\/wp-json\/wp\/v2\/comments?post=23424"}],"version-history":[{"count":1,"href":"https:\/\/diariodepernambuco.audiencelabs.com.br\/wp-json\/wp\/v2\/posts\/23424\/revisions"}],"predecessor-version":[{"id":23433,"href":"https:\/\/diariodepernambuco.audiencelabs.com.br\/wp-json\/wp\/v2\/posts\/23424\/revisions\/23433"}],"wp:featuredmedia":[{"embeddable":true,"href":"https:\/\/diariodepernambuco.audiencelabs.com.br\/wp-json\/wp\/v2\/media\/23427"}],"wp:attachment":[{"href":"https:\/\/diariodepernambuco.audiencelabs.com.br\/wp-json\/wp\/v2\/media?parent=23424"}],"wp:term":[{"taxonomy":"category","embeddable":true,"href":"https:\/\/diariodepernambuco.audiencelabs.com.br\/wp-json\/wp\/v2\/categories?post=23424"},{"taxonomy":"post_tag","embeddable":true,"href":"https:\/\/diariodepernambuco.audiencelabs.com.br\/wp-json\/wp\/v2\/tags?post=23424"}],"curies":[{"name":"wp","href":"https:\/\/api.w.org\/{rel}","templated":true}]}}