{"id":2343,"date":"2025-09-01T16:30:00","date_gmt":"2025-09-01T19:30:00","guid":{"rendered":"https:\/\/diariodepernambuco.audiencelabs.com.br\/?p=2343"},"modified":"2025-09-01T11:59:10","modified_gmt":"2025-09-01T14:59:10","slug":"valor-liberado-hoje-para-aposentados-do-inss-como-sacar","status":"publish","type":"post","link":"https:\/\/diariodepernambuco.audiencelabs.com.br\/valor-liberado-hoje-para-aposentados-do-inss-como-sacar\/","title":{"rendered":"Valor liberado hoje para aposentados do INSS: como sacar"},"content":{"rendered":"\n<p>O Instituto Nacional do Seguro Social (INSS) divulgou o cronograma oficial de pagamentos de setembro de 2025, que seguir\u00e1 a numera\u00e7\u00e3o final do benef\u00edcio (desconsiderando o d\u00edgito verificador), mantendo o padr\u00e3o adotado para garantir organiza\u00e7\u00e3o e previsibilidade nos repasses.<\/p>\n\n\n\n<p>Os benefici\u00e1rios que recebem at\u00e9 um sal\u00e1rio m\u00ednimo ter\u00e3o os dep\u00f3sitos realizados entre 25 de setembro e 8 de outubro, enquanto aqueles com rendimentos acima do piso nacional receber\u00e3o entre 1\u00ba e 7 de outubro.<\/p>\n\n\n\n<p>Atualmente, o INSS processa mensalmente mais de 40 milh\u00f5es de benef\u00edcios, sendo aproximadamente 28,2 milh\u00f5es destinados a quem recebe at\u00e9 um sal\u00e1rio m\u00ednimo e cerca de 12,3 milh\u00f5es a segurados com valores superiores.<\/p>\n\n\n\n<p>Para conferir a data exata de pagamento, \u00e9 necess\u00e1rio observar o pen\u00faltimo d\u00edgito do benef\u00edcio, desconsiderando o d\u00edgito verificador. Informa\u00e7\u00f5es detalhadas tamb\u00e9m est\u00e3o dispon\u00edveis no site ou no aplicativo Meu INSS, acessados com CPF e senha da conta Gov.br.<\/p>\n\n\n\n<p>Em caso de d\u00favidas, os segurados podem contatar a Central 135, que oferece atendimento eletr\u00f4nico todos os dias e suporte humano em hor\u00e1rio comercial. No Meu INSS, al\u00e9m de consultar o extrato de pagamento, \u00e9 poss\u00edvel atualizar dados cadastrais e acessar outros servi\u00e7os dispon\u00edveis na plataforma por meio da barra de pesquisa.<\/p>\n\n\n\n<h2 class=\"wp-block-heading\">Calend\u00e1rio de setembro do INSS<\/h2>\n\n\n\n<p><strong>At\u00e9 um sal\u00e1rio m\u00ednimo:<\/strong><\/p>\n\n\n\n<ul class=\"wp-block-list\">\n<li>Final 1: 25\/09<\/li>\n\n\n\n<li>Final 2: 26\/09<\/li>\n\n\n\n<li>Final 3: 29\/09<\/li>\n\n\n\n<li>Final 4: 30\/09<\/li>\n\n\n\n<li>Final 5: 01\/10<\/li>\n\n\n\n<li>Final 6: 02\/10<\/li>\n\n\n\n<li>Final 7: 03\/10<\/li>\n\n\n\n<li>Final 8: 06\/10<\/li>\n\n\n\n<li>Final 9: 07\/10<\/li>\n\n\n\n<li>Final 0: 08\/10<\/li>\n<\/ul>\n\n\n\n<p><strong>Acima de um sal\u00e1rio m\u00ednimo<\/strong>:<\/p>\n\n\n\n<ul class=\"wp-block-list\">\n<li>Finais 1 e 6: 01\/10<\/li>\n\n\n\n<li>Finais 2 e 7: 02\/10<\/li>\n\n\n\n<li>Finais 3 e 8: 03\/10<\/li>\n\n\n\n<li>Finais 4 e 9: 06\/10<\/li>\n\n\n\n<li>Finais 5 e 0: 07\/10<\/li>\n<\/ul>\n\n\n\n<p><\/p>\n","protected":false},"excerpt":{"rendered":"<p>O Instituto Nacional do Seguro Social (INSS) divulgou o cronograma oficial de pagamentos de setembro de 2025, que seguir\u00e1 a numera\u00e7\u00e3o final do benef\u00edcio (desconsiderando o d\u00edgito verificador), mantendo o padr\u00e3o adotado para garantir organiza\u00e7\u00e3o e previsibilidade nos repasses. Os benefici\u00e1rios que recebem at\u00e9 um sal\u00e1rio m\u00ednimo ter\u00e3o os dep\u00f3sitos realizados entre 25 de setembro [&hellip;]<\/p>\n","protected":false},"author":4,"featured_media":566,"comment_status":"open","ping_status":"open","sticky":false,"template":"","format":"standard","meta":{"jnews-multi-image_gallery":[],"jnews_single_post":{"format":"standard"},"jnews_primary_category":[],"jnews_social_meta":[],"jnews_post_split":[],"footnotes":""},"categories":[1],"tags":[],"class_list":["post-2343","post","type-post","status-publish","format-standard","has-post-thumbnail","hentry","category-uncategorized"],"_links":{"self":[{"href":"https:\/\/diariodepernambuco.audiencelabs.com.br\/wp-json\/wp\/v2\/posts\/2343","targetHints":{"allow":["GET"]}}],"collection":[{"href":"https:\/\/diariodepernambuco.audiencelabs.com.br\/wp-json\/wp\/v2\/posts"}],"about":[{"href":"https:\/\/diariodepernambuco.audiencelabs.com.br\/wp-json\/wp\/v2\/types\/post"}],"author":[{"embeddable":true,"href":"https:\/\/diariodepernambuco.audiencelabs.com.br\/wp-json\/wp\/v2\/users\/4"}],"replies":[{"embeddable":true,"href":"https:\/\/diariodepernambuco.audiencelabs.com.br\/wp-json\/wp\/v2\/comments?post=2343"}],"version-history":[{"count":3,"href":"https:\/\/diariodepernambuco.audiencelabs.com.br\/wp-json\/wp\/v2\/posts\/2343\/revisions"}],"predecessor-version":[{"id":3191,"href":"https:\/\/diariodepernambuco.audiencelabs.com.br\/wp-json\/wp\/v2\/posts\/2343\/revisions\/3191"}],"wp:featuredmedia":[{"embeddable":true,"href":"https:\/\/diariodepernambuco.audiencelabs.com.br\/wp-json\/wp\/v2\/media\/566"}],"wp:attachment":[{"href":"https:\/\/diariodepernambuco.audiencelabs.com.br\/wp-json\/wp\/v2\/media?parent=2343"}],"wp:term":[{"taxonomy":"category","embeddable":true,"href":"https:\/\/diariodepernambuco.audiencelabs.com.br\/wp-json\/wp\/v2\/categories?post=2343"},{"taxonomy":"post_tag","embeddable":true,"href":"https:\/\/diariodepernambuco.audiencelabs.com.br\/wp-json\/wp\/v2\/tags?post=2343"}],"curies":[{"name":"wp","href":"https:\/\/api.w.org\/{rel}","templated":true}]}}