{"id":23434,"date":"2026-04-03T23:55:00","date_gmt":"2026-04-04T02:55:00","guid":{"rendered":"https:\/\/diariodepernambuco.audiencelabs.com.br\/?p=23434"},"modified":"2026-04-02T14:58:11","modified_gmt":"2026-04-02T17:58:11","slug":"quem-era-barrabas-bandido-que-foi-solto-no-lugar-de-jesus","status":"publish","type":"post","link":"https:\/\/diariodepernambuco.audiencelabs.com.br\/quem-era-barrabas-bandido-que-foi-solto-no-lugar-de-jesus\/","title":{"rendered":"Quem era Barrab\u00e1s, bandido que foi solto no lugar de Jesus?"},"content":{"rendered":"\n<p>Barrab\u00e1s \u00e9 uma das figuras mais emblem\u00e1ticas dos relatos sobre a crucifica\u00e7\u00e3o de Jesus Cristo, descrito nos Evangelhos como um prisioneiro envolvido em crimes graves, como rebeli\u00e3o e assassinato. Na \u00e9poca, a regi\u00e3o da Judeia vivia sob dom\u00ednio romano, cen\u00e1rio marcado por tens\u00f5es pol\u00edticas e frequentes revoltas contra a ocupa\u00e7\u00e3o.<\/p>\n\n\n\n<p>Nesse contexto, Barrab\u00e1s surge como algu\u00e9m associado a movimentos insurgentes, o que o colocava como uma amea\u00e7a direta \u00e0 ordem estabelecida pelas autoridades. O epis\u00f3dio que o tornou conhecido ocorre durante a celebra\u00e7\u00e3o da P\u00e1scoa, quando o governador romano P\u00f4ncio Pilatos, seguindo um costume da \u00e9poca, ofereceu \u00e0 multid\u00e3o a possibilidade de libertar um prisioneiro.<\/p>\n\n\n\n<p>Diante da escolha entre Jesus, acusado de se declarar rei dos judeus, e Barrab\u00e1s, considerado um criminoso perigoso, a popula\u00e7\u00e3o optou pela soltura deste \u00faltimo. A decis\u00e3o, narrada pelos textos b\u00edblicos, \u00e9 frequentemente interpretada como resultado de press\u00f5es pol\u00edticas e influ\u00eancia das lideran\u00e7as religiosas daquele per\u00edodo.<\/p>\n\n\n\n<p>O contraste entre as duas figuras chama aten\u00e7\u00e3o: de um lado, Jesus, apresentado como inocente e pregador de uma mensagem de paz; do outro, Barrab\u00e1s, associado \u00e0 viol\u00eancia e \u00e0 insurrei\u00e7\u00e3o. A liberta\u00e7\u00e3o do criminoso e a condena\u00e7\u00e3o de Jesus \u00e0 crucifica\u00e7\u00e3o tornaram-se um dos momentos mais simb\u00f3licos da tradi\u00e7\u00e3o crist\u00e3, frequentemente associados \u00e0 ideia de injusti\u00e7a.<\/p>\n\n\n\n<p>Apesar da relev\u00e2ncia do epis\u00f3dio, n\u00e3o h\u00e1 registros hist\u00f3ricos detalhados sobre o destino de Barrab\u00e1s ap\u00f3s sua liberta\u00e7\u00e3o. Sua hist\u00f3ria se encerra nos Evangelhos, deixando lacunas que alimentam interpreta\u00e7\u00f5es teol\u00f3gicas e reflex\u00f5es ao longo dos s\u00e9culos. Ainda assim, sua figura permanece como um elemento central na narrativa da Paix\u00e3o, sendo lembrada especialmente durante as celebra\u00e7\u00f5es da P\u00e1scoa Crist\u00e3.<\/p>\n\n\n\n<h2 class=\"wp-block-heading\">Um epis\u00f3dio que levanta debates at\u00e9 hoje<\/h2>\n\n\n\n<p>A escolha pela liberta\u00e7\u00e3o de Barrab\u00e1s \u00e9 frequentemente analisada sob uma perspectiva hist\u00f3rica e social, levantando discuss\u00f5es sobre o comportamento coletivo e a influ\u00eancia de l\u00edderes sobre a popula\u00e7\u00e3o. O epis\u00f3dio ilustra como decis\u00f5es populares podem ser moldadas por contextos pol\u00edticos e religiosos, especialmente em momentos de tens\u00e3o e instabilidade.<\/p>\n\n\n\n<p>Do ponto de vista teol\u00f3gico, a narrativa tamb\u00e9m \u00e9 vista como um s\u00edmbolo de substitui\u00e7\u00e3o e reden\u00e7\u00e3o. Para muitos estudiosos, Barrab\u00e1s representa a condi\u00e7\u00e3o humana \u2014 marcada por falhas \u2014 enquanto a condena\u00e7\u00e3o de Jesus refor\u00e7a a ideia de sacrif\u00edcio em favor da humanidade.<\/p>\n","protected":false},"excerpt":{"rendered":"<p>Barrab\u00e1s \u00e9 uma das figuras mais emblem\u00e1ticas dos relatos sobre a crucifica\u00e7\u00e3o de Jesus Cristo, descrito nos Evangelhos como um prisioneiro envolvido em crimes graves, como rebeli\u00e3o e assassinato. Na \u00e9poca, a regi\u00e3o da Judeia vivia sob dom\u00ednio romano, cen\u00e1rio marcado por tens\u00f5es pol\u00edticas e frequentes revoltas contra a ocupa\u00e7\u00e3o. Nesse contexto, Barrab\u00e1s surge como [&hellip;]<\/p>\n","protected":false},"author":4,"featured_media":23437,"comment_status":"open","ping_status":"open","sticky":false,"template":"","format":"standard","meta":{"jnews-multi-image_gallery":[],"jnews_single_post":{"format":"standard"},"jnews_primary_category":[],"jnews_social_meta":[],"jnews_post_split":[],"footnotes":""},"categories":[1],"tags":[],"class_list":["post-23434","post","type-post","status-publish","format-standard","has-post-thumbnail","hentry","category-uncategorized"],"_links":{"self":[{"href":"https:\/\/diariodepernambuco.audiencelabs.com.br\/wp-json\/wp\/v2\/posts\/23434","targetHints":{"allow":["GET"]}}],"collection":[{"href":"https:\/\/diariodepernambuco.audiencelabs.com.br\/wp-json\/wp\/v2\/posts"}],"about":[{"href":"https:\/\/diariodepernambuco.audiencelabs.com.br\/wp-json\/wp\/v2\/types\/post"}],"author":[{"embeddable":true,"href":"https:\/\/diariodepernambuco.audiencelabs.com.br\/wp-json\/wp\/v2\/users\/4"}],"replies":[{"embeddable":true,"href":"https:\/\/diariodepernambuco.audiencelabs.com.br\/wp-json\/wp\/v2\/comments?post=23434"}],"version-history":[{"count":2,"href":"https:\/\/diariodepernambuco.audiencelabs.com.br\/wp-json\/wp\/v2\/posts\/23434\/revisions"}],"predecessor-version":[{"id":23438,"href":"https:\/\/diariodepernambuco.audiencelabs.com.br\/wp-json\/wp\/v2\/posts\/23434\/revisions\/23438"}],"wp:featuredmedia":[{"embeddable":true,"href":"https:\/\/diariodepernambuco.audiencelabs.com.br\/wp-json\/wp\/v2\/media\/23437"}],"wp:attachment":[{"href":"https:\/\/diariodepernambuco.audiencelabs.com.br\/wp-json\/wp\/v2\/media?parent=23434"}],"wp:term":[{"taxonomy":"category","embeddable":true,"href":"https:\/\/diariodepernambuco.audiencelabs.com.br\/wp-json\/wp\/v2\/categories?post=23434"},{"taxonomy":"post_tag","embeddable":true,"href":"https:\/\/diariodepernambuco.audiencelabs.com.br\/wp-json\/wp\/v2\/tags?post=23434"}],"curies":[{"name":"wp","href":"https:\/\/api.w.org\/{rel}","templated":true}]}}