{"id":23441,"date":"2026-04-04T10:54:00","date_gmt":"2026-04-04T13:54:00","guid":{"rendered":"https:\/\/diariodepernambuco.audiencelabs.com.br\/?p=23441"},"modified":"2026-04-02T16:27:41","modified_gmt":"2026-04-02T19:27:41","slug":"3-carros-que-mais-gastam-combustivel-no-brasil","status":"publish","type":"post","link":"https:\/\/diariodepernambuco.audiencelabs.com.br\/3-carros-que-mais-gastam-combustivel-no-brasil\/","title":{"rendered":"3 carros que mais gastam combust\u00edvel no Brasil"},"content":{"rendered":"\n<p>Existem ve\u00edculos que seguem na contram\u00e3o do mercado automotivo que, cada vez mais, tem se tornado mais atento \u00e0 economia e efici\u00eancia. Modelos de alto desempenho, com motores potentes, naturalmente consomem mais combust\u00edvel. A seguir, veja tr\u00eas exemplos de ve\u00edculos, segundo ranking do Jornal do Carro, do jornal Estad\u00e3o, que se destacam justamente pelo alto gasto de combust\u00edvel.<\/p>\n\n\n\n<h2 class=\"wp-block-heading\">1. Ferrari Purosangue<\/h2>\n\n\n\n<p>O SUV da Ferrari ocupa o topo entre os que mais gastam combust\u00edvel. Equipado com um motor 6.5 V12 e tecnologia de ponta, o modelo entrega desempenho digno da marca italiana. Em contrapartida, o consumo \u00e9 elevado, especialmente em trajetos urbanos, com 4,1 km\/l.<\/p>\n\n\n\n<h2 class=\"wp-block-heading\">2. Mercedes-AMG G63<\/h2>\n\n\n\n<p>Logo atr\u00e1s aparece a Mercedes-AMG G63, um utilit\u00e1rio esportivo conhecido pelo design\u00a0e alto desempenho. O conjunto de motor 4.0 V8 biturbo e estrutura pesada contribui para o consumo alto de 5,2 km\/l, principalmente no uso di\u00e1rio em cidades.<\/p>\n\n\n\n<h2 class=\"wp-block-heading\">3. Lamborghini Hurac\u00e1n<\/h2>\n\n\n\n<p>O Hurac\u00e1n \u00e9 um dos superesportivos mais desejados do mundo e tamb\u00e9m um dos que mais consomem combust\u00edvel. Projetado para oferecer alta performance, o ve\u00edculo entrega acelera\u00e7\u00e3o e velocidade elevada, caracter\u00edsticas que causam o consumo de 5,3 km\/l.<\/p>\n\n\n\n<h2 class=\"wp-block-heading\">Consumo alto \u00e9 parte da proposta<\/h2>\n\n\n\n<p>Apesar dos n\u00fameros pouco amig\u00e1veis, esses ve\u00edculos n\u00e3o t\u00eam economia de combust\u00edvel como principal proposta. Eles s\u00e3o voltados para um p\u00fablico que busca maior desempenho e velocidade ao dirigir, e que j\u00e1 esperam o consumo elevado como<em> parte do pacote<\/em>.<\/p>\n","protected":false},"excerpt":{"rendered":"<p>Existem ve\u00edculos que seguem na contram\u00e3o do mercado automotivo que, cada vez mais, tem se tornado mais atento \u00e0 economia e efici\u00eancia. Modelos de alto desempenho, com motores potentes, naturalmente consomem mais combust\u00edvel. A seguir, veja tr\u00eas exemplos de ve\u00edculos, segundo ranking do Jornal do Carro, do jornal Estad\u00e3o, que se destacam justamente pelo alto [&hellip;]<\/p>\n","protected":false},"author":17,"featured_media":23444,"comment_status":"open","ping_status":"open","sticky":false,"template":"","format":"standard","meta":{"jnews-multi-image_gallery":[],"jnews_single_post":{"format":"standard"},"jnews_primary_category":[],"jnews_social_meta":[],"jnews_post_split":[],"footnotes":""},"categories":[1],"tags":[],"class_list":["post-23441","post","type-post","status-publish","format-standard","has-post-thumbnail","hentry","category-uncategorized"],"_links":{"self":[{"href":"https:\/\/diariodepernambuco.audiencelabs.com.br\/wp-json\/wp\/v2\/posts\/23441","targetHints":{"allow":["GET"]}}],"collection":[{"href":"https:\/\/diariodepernambuco.audiencelabs.com.br\/wp-json\/wp\/v2\/posts"}],"about":[{"href":"https:\/\/diariodepernambuco.audiencelabs.com.br\/wp-json\/wp\/v2\/types\/post"}],"author":[{"embeddable":true,"href":"https:\/\/diariodepernambuco.audiencelabs.com.br\/wp-json\/wp\/v2\/users\/17"}],"replies":[{"embeddable":true,"href":"https:\/\/diariodepernambuco.audiencelabs.com.br\/wp-json\/wp\/v2\/comments?post=23441"}],"version-history":[{"count":1,"href":"https:\/\/diariodepernambuco.audiencelabs.com.br\/wp-json\/wp\/v2\/posts\/23441\/revisions"}],"predecessor-version":[{"id":23445,"href":"https:\/\/diariodepernambuco.audiencelabs.com.br\/wp-json\/wp\/v2\/posts\/23441\/revisions\/23445"}],"wp:featuredmedia":[{"embeddable":true,"href":"https:\/\/diariodepernambuco.audiencelabs.com.br\/wp-json\/wp\/v2\/media\/23444"}],"wp:attachment":[{"href":"https:\/\/diariodepernambuco.audiencelabs.com.br\/wp-json\/wp\/v2\/media?parent=23441"}],"wp:term":[{"taxonomy":"category","embeddable":true,"href":"https:\/\/diariodepernambuco.audiencelabs.com.br\/wp-json\/wp\/v2\/categories?post=23441"},{"taxonomy":"post_tag","embeddable":true,"href":"https:\/\/diariodepernambuco.audiencelabs.com.br\/wp-json\/wp\/v2\/tags?post=23441"}],"curies":[{"name":"wp","href":"https:\/\/api.w.org\/{rel}","templated":true}]}}