{"id":23456,"date":"2026-04-06T22:59:00","date_gmt":"2026-04-07T01:59:00","guid":{"rendered":"https:\/\/diariodepernambuco.audiencelabs.com.br\/?p=23456"},"modified":"2026-04-07T14:17:05","modified_gmt":"2026-04-07T17:17:05","slug":"montadora-de-carro-chegou-de-fininho-no-brasil-e-virou-campea-de-vendas","status":"publish","type":"post","link":"https:\/\/diariodepernambuco.audiencelabs.com.br\/montadora-de-carro-chegou-de-fininho-no-brasil-e-virou-campea-de-vendas\/","title":{"rendered":"Montadora de carro chegou de fininho no Brasil e virou campe\u00e3 de vendas"},"content":{"rendered":"\n<p>A BYD chegou no Brasil <em>de fininho<\/em>, mas rapidamente se tornou protagonista no mercado automotivo. A montadora chinesa registrou em mar\u00e7o o melhor desempenho em vendas desde que chegou no pa\u00eds, com <strong>16,4 mil ve\u00edculos<\/strong> <strong>vendidos <\/strong>no m\u00eas, sendo o dobro do mesmo per\u00edodo no ano passado.<\/p>\n\n\n\n<p>Entre os destaques da BYD est\u00e1 o <strong>Dolphin Mini<\/strong>, que em fevereiro deste ano registrou cerca de<strong> 4 mil unidades vendidas<\/strong>, se tornando o primeiro modelo el\u00e9trico a liderar o ranking mensal de vendas no mercado automotivo brasileiro. Em mar\u00e7o, o sucesso se manteve, com mais de <strong>6 mil unidades vendidas<\/strong>, consolidando o modelo como refer\u00eancia entre carros el\u00e9tricos acess\u00edveis e pr\u00e1ticos para o dia a dia.<\/p>\n\n\n\n<h2 class=\"wp-block-heading\">Brasil como base estrat\u00e9gica<\/h2>\n\n\n\n<p>O Brasil j\u00e1 desempenha um papel central nas opera\u00e7\u00f5es internacionais da BYD, sendo atualmente seu maior mercado fora da China. O cen\u00e1rio positivo motivou a constru\u00e7\u00e3o de uma f\u00e1brica em Cama\u00e7ari, na Bahia, que poder\u00e1 aumentar a produ\u00e7\u00e3o local para at\u00e9 600 mil ve\u00edculos por ano, reduzindo a depend\u00eancia de importa\u00e7\u00f5es e garantindo maior autonomia \u00e0 opera\u00e7\u00e3o brasileira. A f\u00e1brica tamb\u00e9m refor\u00e7a a posi\u00e7\u00e3o do Brasil como polo estrat\u00e9gico para a expans\u00e3o da montadora na Am\u00e9rica Latina.<\/p>\n\n\n\n<h2 class=\"wp-block-heading\">Perspectivas e press\u00e3o sobre a concorr\u00eancia<\/h2>\n\n\n\n<p>Com resultados expressivos e a nova f\u00e1brica, a BYD pode intensificar a competitividade do mercado automotivo no Brasil, pressionando montadoras tradicionais em custos e estrat\u00e9gias de vendas.<\/p>\n\n\n\n<p>A empresa tem planos de lan\u00e7ar novos modelos el\u00e9tricos e alcan\u00e7ar a lideran\u00e7a do mercado nacional at\u00e9 2030. Se mantiver esse ritmo, a BYD n\u00e3o apenas seguir\u00e1 crescendo, mas tamb\u00e9m tornar\u00e1 sua meta de lideran\u00e7a cada vez mais concreta.<\/p>\n","protected":false},"excerpt":{"rendered":"<p>A BYD chegou no Brasil de fininho, mas rapidamente se tornou protagonista no mercado automotivo. A montadora chinesa registrou em mar\u00e7o o melhor desempenho em vendas desde que chegou no pa\u00eds, com 16,4 mil ve\u00edculos vendidos no m\u00eas, sendo o dobro do mesmo per\u00edodo no ano passado. Entre os destaques da BYD est\u00e1 o Dolphin [&hellip;]<\/p>\n","protected":false},"author":17,"featured_media":23462,"comment_status":"open","ping_status":"open","sticky":false,"template":"","format":"standard","meta":{"jnews-multi-image_gallery":[],"jnews_single_post":{"format":"standard"},"jnews_primary_category":[],"jnews_social_meta":[],"jnews_post_split":[],"footnotes":""},"categories":[1],"tags":[],"class_list":["post-23456","post","type-post","status-publish","format-standard","has-post-thumbnail","hentry","category-uncategorized"],"_links":{"self":[{"href":"https:\/\/diariodepernambuco.audiencelabs.com.br\/wp-json\/wp\/v2\/posts\/23456","targetHints":{"allow":["GET"]}}],"collection":[{"href":"https:\/\/diariodepernambuco.audiencelabs.com.br\/wp-json\/wp\/v2\/posts"}],"about":[{"href":"https:\/\/diariodepernambuco.audiencelabs.com.br\/wp-json\/wp\/v2\/types\/post"}],"author":[{"embeddable":true,"href":"https:\/\/diariodepernambuco.audiencelabs.com.br\/wp-json\/wp\/v2\/users\/17"}],"replies":[{"embeddable":true,"href":"https:\/\/diariodepernambuco.audiencelabs.com.br\/wp-json\/wp\/v2\/comments?post=23456"}],"version-history":[{"count":3,"href":"https:\/\/diariodepernambuco.audiencelabs.com.br\/wp-json\/wp\/v2\/posts\/23456\/revisions"}],"predecessor-version":[{"id":23940,"href":"https:\/\/diariodepernambuco.audiencelabs.com.br\/wp-json\/wp\/v2\/posts\/23456\/revisions\/23940"}],"wp:featuredmedia":[{"embeddable":true,"href":"https:\/\/diariodepernambuco.audiencelabs.com.br\/wp-json\/wp\/v2\/media\/23462"}],"wp:attachment":[{"href":"https:\/\/diariodepernambuco.audiencelabs.com.br\/wp-json\/wp\/v2\/media?parent=23456"}],"wp:term":[{"taxonomy":"category","embeddable":true,"href":"https:\/\/diariodepernambuco.audiencelabs.com.br\/wp-json\/wp\/v2\/categories?post=23456"},{"taxonomy":"post_tag","embeddable":true,"href":"https:\/\/diariodepernambuco.audiencelabs.com.br\/wp-json\/wp\/v2\/tags?post=23456"}],"curies":[{"name":"wp","href":"https:\/\/api.w.org\/{rel}","templated":true}]}}