{"id":23460,"date":"2026-04-02T18:13:35","date_gmt":"2026-04-02T21:13:35","guid":{"rendered":"https:\/\/diariodepernambuco.audiencelabs.com.br\/?p=23460"},"modified":"2026-04-02T18:45:09","modified_gmt":"2026-04-02T21:45:09","slug":"cowboy-ex-integrante-do-bbb-teve-morte-confirmada-e-chocou-o-pais-ha-alguns-anos","status":"publish","type":"post","link":"https:\/\/diariodepernambuco.audiencelabs.com.br\/cowboy-ex-integrante-do-bbb-teve-morte-confirmada-e-chocou-o-pais-ha-alguns-anos\/","title":{"rendered":"Cowboy, ex-integrante do BBB, teve morte confirmada e chocou o pa\u00eds h\u00e1 alguns anos"},"content":{"rendered":"\n<p>Considerado como um dos grandes &#8220;antagonistas&#8221; do Big Brother Brasil (BBB), o empres\u00e1rio mineiro Alberto Pimentel ficou popularmente conhecido <strong>pelo apelido de &#8220;Cowboy&#8221;<\/strong>. Por\u00e9m, vale lembrar que ele n\u00e3o foi o \u00fanico vaqueiro a passar pelo programa.<\/p>\n\n\n\n<p>Afinal, em sua 9\u00aa edi\u00e7\u00e3o, o reality show contou com a participa\u00e7\u00e3o de<strong> Andr\u00e9 Luiz Guzm\u00e3o de Almeida<\/strong>, que tamb\u00e9m ficou conhecido como \u201cCowboy\u201d. No entanto, enquanto o vil\u00e3o do <em>BBB 7<\/em> teve a oportunidade de retornar na edi\u00e7\u00e3o mais recente do programa, Andr\u00e9 acabou protagonizando um epis\u00f3dio tr\u00e1gico dois anos ap\u00f3s sua sa\u00edda.<\/p>\n\n\n\n<p>Eliminado com 71% dos votos do p\u00fablico, o empres\u00e1rio, natural de S\u00e3o Bernardo do Campo (SP), que entrou no programa para tentar impulsionar a sua carreira musical no meio sertanejo, acabou sendo <strong>assassinado a tiros em junho de 2011, aos 37 anos<\/strong>.<\/p>\n\n\n\n<p>De acordo com not\u00edcias da \u00e9poca, <strong>o crime ocorreu na ch\u00e1cara do ex-BBB<\/strong>, localizada na cidade de Alum\u00ednio, interior de S\u00e3o Paulo, onde Andr\u00e9 vivia com a esposa, Luciana Gusm\u00e3o de Almeida, e seus dois filhos.<\/p>\n\n\n\n<p>Ap\u00f3s ter sido baleado, o Cowboy do <em>BBB 9<\/em> <strong>chegou a ser socorrido e levado com vida ao pronto-socorro <\/strong>por policiais militares. Por\u00e9m, ele acabou n\u00e3o resistindo aos ferimentos e faleceu depois de ser transferido para o Hospital Regional de Sorocaba.<\/p>\n\n\n\n<h2 class=\"wp-block-heading\">Assassinato de Cowboy permanece sem respostas<\/h2>\n\n\n\n<p>Al\u00e9m de atirar em Andr\u00e9, os invasores ainda roubaram uma televis\u00e3o de LCD e um notebook. Por conta disso, <strong>a hip\u00f3tese de latroc\u00ednio <\/strong>(roubo seguido de morte) ganhou for\u00e7a inicialmente.<\/p>\n\n\n\n<p>Todavia, a esposa d o Cowboy do <em>BBB 9<\/em> revelou posteriormente que ele acumulava d\u00edvidas expressivas por conta de neg\u00f3cios mal-sucedidos, que, por sua vez, <strong>deram origem a uma s\u00e9rie de amea\u00e7as<\/strong>.<\/p>\n\n\n\n<p>S\u00f3 que, apesar das suspeitas, <strong>nenhum respons\u00e1vel pelo crime foi preso at\u00e9 hoje<\/strong>, uma vez que a aus\u00eancia de provas materiais consistentes comprometeu o avan\u00e7o das investiga\u00e7\u00f5es e inviabilizou a identifica\u00e7\u00e3o dos suspeitos.<\/p>\n","protected":false},"excerpt":{"rendered":"<p>Considerado como um dos grandes &#8220;antagonistas&#8221; do Big Brother Brasil (BBB), o empres\u00e1rio mineiro Alberto Pimentel ficou popularmente conhecido pelo apelido de &#8220;Cowboy&#8221;. Por\u00e9m, vale lembrar que ele n\u00e3o foi o \u00fanico vaqueiro a passar pelo programa. Afinal, em sua 9\u00aa edi\u00e7\u00e3o, o reality show contou com a participa\u00e7\u00e3o de Andr\u00e9 Luiz Guzm\u00e3o de Almeida, [&hellip;]<\/p>\n","protected":false},"author":15,"featured_media":23461,"comment_status":"open","ping_status":"open","sticky":false,"template":"","format":"standard","meta":{"jnews-multi-image_gallery":[],"jnews_single_post":{"format":"standard"},"jnews_primary_category":[],"jnews_social_meta":[],"jnews_post_split":[],"footnotes":""},"categories":[1],"tags":[],"class_list":["post-23460","post","type-post","status-publish","format-standard","has-post-thumbnail","hentry","category-uncategorized"],"_links":{"self":[{"href":"https:\/\/diariodepernambuco.audiencelabs.com.br\/wp-json\/wp\/v2\/posts\/23460","targetHints":{"allow":["GET"]}}],"collection":[{"href":"https:\/\/diariodepernambuco.audiencelabs.com.br\/wp-json\/wp\/v2\/posts"}],"about":[{"href":"https:\/\/diariodepernambuco.audiencelabs.com.br\/wp-json\/wp\/v2\/types\/post"}],"author":[{"embeddable":true,"href":"https:\/\/diariodepernambuco.audiencelabs.com.br\/wp-json\/wp\/v2\/users\/15"}],"replies":[{"embeddable":true,"href":"https:\/\/diariodepernambuco.audiencelabs.com.br\/wp-json\/wp\/v2\/comments?post=23460"}],"version-history":[{"count":1,"href":"https:\/\/diariodepernambuco.audiencelabs.com.br\/wp-json\/wp\/v2\/posts\/23460\/revisions"}],"predecessor-version":[{"id":23464,"href":"https:\/\/diariodepernambuco.audiencelabs.com.br\/wp-json\/wp\/v2\/posts\/23460\/revisions\/23464"}],"wp:featuredmedia":[{"embeddable":true,"href":"https:\/\/diariodepernambuco.audiencelabs.com.br\/wp-json\/wp\/v2\/media\/23461"}],"wp:attachment":[{"href":"https:\/\/diariodepernambuco.audiencelabs.com.br\/wp-json\/wp\/v2\/media?parent=23460"}],"wp:term":[{"taxonomy":"category","embeddable":true,"href":"https:\/\/diariodepernambuco.audiencelabs.com.br\/wp-json\/wp\/v2\/categories?post=23460"},{"taxonomy":"post_tag","embeddable":true,"href":"https:\/\/diariodepernambuco.audiencelabs.com.br\/wp-json\/wp\/v2\/tags?post=23460"}],"curies":[{"name":"wp","href":"https:\/\/api.w.org\/{rel}","templated":true}]}}