{"id":23589,"date":"2026-04-06T16:45:00","date_gmt":"2026-04-06T19:45:00","guid":{"rendered":"https:\/\/diariodepernambuco.audiencelabs.com.br\/?p=23589"},"modified":"2026-04-06T16:11:09","modified_gmt":"2026-04-06T19:11:09","slug":"cidade-do-brasil-esta-se-tornando-um-grande-sinonimo-de-qualidade-de-vida","status":"publish","type":"post","link":"https:\/\/diariodepernambuco.audiencelabs.com.br\/cidade-do-brasil-esta-se-tornando-um-grande-sinonimo-de-qualidade-de-vida\/","title":{"rendered":"Cidade do Brasil est\u00e1 se tornando um grande sin\u00f4nimo de qualidade de vida"},"content":{"rendered":"\n<p>A cidade de S\u00e3o Jos\u00e9 vem ganhando destaque nacional ao se consolidar como uma das principais refer\u00eancias em qualidade de vida no Brasil. Localizada na regi\u00e3o metropolitana de Florian\u00f3polis, o munic\u00edpio combina desenvolvimento urbano com infraestrutura eficiente, atraindo cada vez mais moradores em busca de bem-estar e oportunidades.<\/p>\n\n\n\n<p>Um dos grandes diferenciais da cidade est\u00e1 na organiza\u00e7\u00e3o de seus bairros, que oferecem uma rotina pr\u00e1tica e completa. Regi\u00f5es como Kobrasol e Campinas concentram com\u00e9rcio, servi\u00e7os, restaurantes e op\u00e7\u00f5es de lazer, permitindo que muitos moradores resolvam tudo sem precisar se deslocar at\u00e9 a capital. Essa autonomia urbana tem sido um dos fatores que elevam a qualidade de vida local.<\/p>\n\n\n\n<p>Al\u00e9m disso, S\u00e3o Jos\u00e9 apresenta crescimento econ\u00f4mico consistente e forte valoriza\u00e7\u00e3o imobili\u00e1ria. A cidade se beneficia da proximidade com polos tecnol\u00f3gicos e empresariais de Santa Catarina, ao mesmo tempo em que mant\u00e9m um custo de vida mais acess\u00edvel em compara\u00e7\u00e3o com grandes capitais. Esse equil\u00edbrio tem atra\u00eddo profissionais e fam\u00edlias que buscam melhores condi\u00e7\u00f5es de vida.<\/p>\n\n\n\n<p>Outro ponto importante \u00e9 a diversidade de estilos de moradia. Enquanto \u00e1reas mais movimentadas oferecem praticidade e acesso r\u00e1pido a servi\u00e7os, bairros residenciais mais tranquilos garantem sossego e contato com \u00e1reas verdes. Essa combina\u00e7\u00e3o faz com que S\u00e3o Jos\u00e9 se destaque como um modelo de cidade moderna, equilibrando desenvolvimento e qualidade de vida.<\/p>\n\n\n\n<h2 class=\"wp-block-heading\">Infraestrutura e localiza\u00e7\u00e3o impulsionam crescimento da cidade<\/h2>\n\n\n\n<p>A localiza\u00e7\u00e3o estrat\u00e9gica de S\u00e3o Jos\u00e9 \u00e9 um dos pilares do seu crescimento. Com acesso facilitado \u00e0 BR-101 e liga\u00e7\u00e3o direta com Florian\u00f3polis, o munic\u00edpio se torna uma alternativa vi\u00e1vel para quem trabalha na capital, mas busca mais espa\u00e7o e custo-benef\u00edcio para morar.<\/p>\n\n\n\n<p>Com isso, a tend\u00eancia \u00e9 que a cidade continue em expans\u00e3o nos pr\u00f3ximos anos. O avan\u00e7o da infraestrutura, aliado \u00e0 oferta de servi\u00e7os e oportunidades, refor\u00e7a o papel de S\u00e3o Jos\u00e9 como um dos principais destinos para quem deseja viver melhor no Brasil, sem abrir m\u00e3o de praticidade e desenvolvimento.<\/p>\n\n\n\n<p><\/p>\n","protected":false},"excerpt":{"rendered":"<p>A cidade de S\u00e3o Jos\u00e9 vem ganhando destaque nacional ao se consolidar como uma das principais refer\u00eancias em qualidade de vida no Brasil. Localizada na regi\u00e3o metropolitana de Florian\u00f3polis, o munic\u00edpio combina desenvolvimento urbano com infraestrutura eficiente, atraindo cada vez mais moradores em busca de bem-estar e oportunidades. Um dos grandes diferenciais da cidade est\u00e1 [&hellip;]<\/p>\n","protected":false},"author":4,"featured_media":23591,"comment_status":"open","ping_status":"open","sticky":false,"template":"","format":"standard","meta":{"jnews-multi-image_gallery":[],"jnews_single_post":{"format":"standard"},"jnews_primary_category":[],"jnews_social_meta":[],"jnews_post_split":[],"footnotes":""},"categories":[1],"tags":[],"class_list":["post-23589","post","type-post","status-publish","format-standard","has-post-thumbnail","hentry","category-uncategorized"],"_links":{"self":[{"href":"https:\/\/diariodepernambuco.audiencelabs.com.br\/wp-json\/wp\/v2\/posts\/23589","targetHints":{"allow":["GET"]}}],"collection":[{"href":"https:\/\/diariodepernambuco.audiencelabs.com.br\/wp-json\/wp\/v2\/posts"}],"about":[{"href":"https:\/\/diariodepernambuco.audiencelabs.com.br\/wp-json\/wp\/v2\/types\/post"}],"author":[{"embeddable":true,"href":"https:\/\/diariodepernambuco.audiencelabs.com.br\/wp-json\/wp\/v2\/users\/4"}],"replies":[{"embeddable":true,"href":"https:\/\/diariodepernambuco.audiencelabs.com.br\/wp-json\/wp\/v2\/comments?post=23589"}],"version-history":[{"count":2,"href":"https:\/\/diariodepernambuco.audiencelabs.com.br\/wp-json\/wp\/v2\/posts\/23589\/revisions"}],"predecessor-version":[{"id":23593,"href":"https:\/\/diariodepernambuco.audiencelabs.com.br\/wp-json\/wp\/v2\/posts\/23589\/revisions\/23593"}],"wp:featuredmedia":[{"embeddable":true,"href":"https:\/\/diariodepernambuco.audiencelabs.com.br\/wp-json\/wp\/v2\/media\/23591"}],"wp:attachment":[{"href":"https:\/\/diariodepernambuco.audiencelabs.com.br\/wp-json\/wp\/v2\/media?parent=23589"}],"wp:term":[{"taxonomy":"category","embeddable":true,"href":"https:\/\/diariodepernambuco.audiencelabs.com.br\/wp-json\/wp\/v2\/categories?post=23589"},{"taxonomy":"post_tag","embeddable":true,"href":"https:\/\/diariodepernambuco.audiencelabs.com.br\/wp-json\/wp\/v2\/tags?post=23589"}],"curies":[{"name":"wp","href":"https:\/\/api.w.org\/{rel}","templated":true}]}}