{"id":2368,"date":"2025-09-02T18:45:00","date_gmt":"2025-09-02T21:45:00","guid":{"rendered":"https:\/\/diariodepernambuco.audiencelabs.com.br\/?p=2368"},"modified":"2025-09-01T12:52:14","modified_gmt":"2025-09-01T15:52:14","slug":"nova-covid-chega-ao-brasil-e-deixa-pacientes-roucos","status":"publish","type":"post","link":"https:\/\/diariodepernambuco.audiencelabs.com.br\/nova-covid-chega-ao-brasil-e-deixa-pacientes-roucos\/","title":{"rendered":"\u201cNova Covid\u201d chega ao Brasil e deixa pacientes roucos"},"content":{"rendered":"\n<p>Uma nova variante da Covid-19, batizada de XFG, foi identificada inicialmente no Cear\u00e1 e despertou aten\u00e7\u00e3o da comunidade cient\u00edfica por um sintoma incomum: a rouquid\u00e3o. At\u00e9 agora, sete casos foram confirmados no estado, mas registros semelhantes j\u00e1 foram feitos em outros 38 pa\u00edses.<\/p>\n\n\n\n<p>No dia 25 de junho, a Organiza\u00e7\u00e3o Mundial da Sa\u00fade (OMS) incluiu a XFG na lista de variantes \u201csob monitoramento\u201d. Apesar disso, o risco global \u00e9 classificado como baixo.<\/p>\n\n\n\n<h2 class=\"wp-block-heading\">Altera\u00e7\u00e3o na voz \u00e9 sintoma marcante<\/h2>\n\n\n\n<p>Estudo conduzido pela Universidade de Nebraska apontou que a irrita\u00e7\u00e3o e a secura na garganta, que alteram a voz do paciente, s\u00e3o os sinais mais caracter\u00edsticos da nova cepa. A variante tamb\u00e9m apresenta sintomas j\u00e1 conhecidos da Covid-19, como perda de olfato e paladar.<\/p>\n\n\n\n<p>Al\u00e9m da rouquid\u00e3o, outros sinais observados incluem press\u00e3o respirat\u00f3ria e redu\u00e7\u00e3o do apetite. Apesar das manifesta\u00e7\u00f5es, a OMS destacou que n\u00e3o h\u00e1 ind\u00edcios de aumento na gravidade dos casos.<\/p>\n\n\n\n<h2 class=\"wp-block-heading\">Transmiss\u00e3o e efic\u00e1cia das vacinas<\/h2>\n\n\n\n<p>De acordo com especialistas, a XFG tem alto n\u00edvel de transmissibilidade, mas as vacinas atualmente dispon\u00edveis seguem eficazes contra a nova variante. As muta\u00e7\u00f5es recentes, no entanto, podem favorecer reinfe\u00e7\u00f5es, j\u00e1 que o v\u00edrus apresenta maior resist\u00eancia \u00e0 imunidade adquirida.<\/p>\n\n\n\n<p>Pesquisadores ainda analisam o comportamento da XFG, mas refor\u00e7am que a melhor forma de conten\u00e7\u00e3o \u00e9 seguir as recomenda\u00e7\u00f5es de sa\u00fade p\u00fablica: manter a vacina\u00e7\u00e3o em dia, incluindo a dose de refor\u00e7o, e adotar medidas preventivas, como o uso de m\u00e1scaras em locais de risco e a higieniza\u00e7\u00e3o frequente das m\u00e3os.<\/p>\n\n\n\n<p><\/p>\n","protected":false},"excerpt":{"rendered":"<p>Uma nova variante da Covid-19, batizada de XFG, foi identificada inicialmente no Cear\u00e1 e despertou aten\u00e7\u00e3o da comunidade cient\u00edfica por um sintoma incomum: a rouquid\u00e3o. At\u00e9 agora, sete casos foram confirmados no estado, mas registros semelhantes j\u00e1 foram feitos em outros 38 pa\u00edses. No dia 25 de junho, a Organiza\u00e7\u00e3o Mundial da Sa\u00fade (OMS) incluiu [&hellip;]<\/p>\n","protected":false},"author":7,"featured_media":2370,"comment_status":"open","ping_status":"open","sticky":false,"template":"","format":"standard","meta":{"jnews-multi-image_gallery":[],"jnews_single_post":{"format":"standard"},"jnews_primary_category":[],"jnews_social_meta":[],"jnews_post_split":[],"footnotes":""},"categories":[1],"tags":[],"class_list":["post-2368","post","type-post","status-publish","format-standard","has-post-thumbnail","hentry","category-uncategorized"],"_links":{"self":[{"href":"https:\/\/diariodepernambuco.audiencelabs.com.br\/wp-json\/wp\/v2\/posts\/2368","targetHints":{"allow":["GET"]}}],"collection":[{"href":"https:\/\/diariodepernambuco.audiencelabs.com.br\/wp-json\/wp\/v2\/posts"}],"about":[{"href":"https:\/\/diariodepernambuco.audiencelabs.com.br\/wp-json\/wp\/v2\/types\/post"}],"author":[{"embeddable":true,"href":"https:\/\/diariodepernambuco.audiencelabs.com.br\/wp-json\/wp\/v2\/users\/7"}],"replies":[{"embeddable":true,"href":"https:\/\/diariodepernambuco.audiencelabs.com.br\/wp-json\/wp\/v2\/comments?post=2368"}],"version-history":[{"count":2,"href":"https:\/\/diariodepernambuco.audiencelabs.com.br\/wp-json\/wp\/v2\/posts\/2368\/revisions"}],"predecessor-version":[{"id":2371,"href":"https:\/\/diariodepernambuco.audiencelabs.com.br\/wp-json\/wp\/v2\/posts\/2368\/revisions\/2371"}],"wp:featuredmedia":[{"embeddable":true,"href":"https:\/\/diariodepernambuco.audiencelabs.com.br\/wp-json\/wp\/v2\/media\/2370"}],"wp:attachment":[{"href":"https:\/\/diariodepernambuco.audiencelabs.com.br\/wp-json\/wp\/v2\/media?parent=2368"}],"wp:term":[{"taxonomy":"category","embeddable":true,"href":"https:\/\/diariodepernambuco.audiencelabs.com.br\/wp-json\/wp\/v2\/categories?post=2368"},{"taxonomy":"post_tag","embeddable":true,"href":"https:\/\/diariodepernambuco.audiencelabs.com.br\/wp-json\/wp\/v2\/tags?post=2368"}],"curies":[{"name":"wp","href":"https:\/\/api.w.org\/{rel}","templated":true}]}}