{"id":23705,"date":"2026-04-08T19:40:00","date_gmt":"2026-04-08T22:40:00","guid":{"rendered":"https:\/\/diariodepernambuco.audiencelabs.com.br\/?p=23705"},"modified":"2026-04-07T12:05:56","modified_gmt":"2026-04-07T15:05:56","slug":"adeus-calor-cidades-brasileiras-vao-passar-por-fortes-chuvas","status":"publish","type":"post","link":"https:\/\/diariodepernambuco.audiencelabs.com.br\/adeus-calor-cidades-brasileiras-vao-passar-por-fortes-chuvas\/","title":{"rendered":"Adeus, calor! Cidades brasileiras v\u00e3o passar por fortes chuvas"},"content":{"rendered":"\n<p>Uma mudan\u00e7a no clima come\u00e7a a ganhar for\u00e7a no Brasil e promete dar uma tr\u00e9gua no calor intenso registrado nas \u00faltimas semanas. A chegada de uma massa de ar frio, associada ao avan\u00e7o de uma frente fria, deve provocar chuvas em diversas regi\u00f5es do pa\u00eds, com impacto direto em capitais como S\u00e3o Paulo, Rio de Janeiro e Belo Horizonte, onde a previs\u00e3o indica mudan\u00e7a significativa no tempo.<\/p>\n\n\n\n<p>Esse sistema clim\u00e1tico traz consigo nuvens carregadas, aumentando o risco de temporais, ventos fortes e at\u00e9 alagamentos em algumas cidades. No Sul, munic\u00edpios como Porto Alegre e Curitiba tamb\u00e9m devem enfrentar instabilidades, com pancadas de chuva mais intensas ao longo dos pr\u00f3ximos dias.<\/p>\n\n\n\n<p>Al\u00e9m da chuva, a mudan\u00e7a tamb\u00e9m impacta diretamente as temperaturas. Com o avan\u00e7o da massa de ar frio, os term\u00f4metros devem cair em cidades do Sudeste e Centro-Oeste, incluindo Bras\u00edlia e Goi\u00e2nia, especialmente durante as noites e madrugadas, trazendo uma sensa\u00e7\u00e3o mais t\u00edpica do outono.<\/p>\n\n\n\n<p>Apesar da mudan\u00e7a, o frio mais intenso ainda deve demorar a chegar com for\u00e7a total. A tend\u00eancia \u00e9 que o m\u00eas de abril continue marcado por per\u00edodos de calor intercalados com chuva em diversas regi\u00f5es, afetando tamb\u00e9m cidades do Nordeste, como Salvador e Recife, que podem registrar aumento da nebulosidade e chuvas passageiras.<\/p>\n\n\n\n<h2 class=\"wp-block-heading\">Frentes frias devem se tornar mais frequentes nas pr\u00f3ximas semanas<\/h2>\n\n\n\n<p>A previs\u00e3o indica que novas frentes frias devem avan\u00e7ar pelo Brasil ao longo do outono, aumentando a frequ\u00eancia de dias nublados e chuvosos em v\u00e1rias regi\u00f5es. Capitais do Sudeste, como Vit\u00f3ria, tamb\u00e9m entram na rota dessas mudan\u00e7as, com previs\u00e3o de instabilidade e queda gradual das temperaturas.<\/p>\n\n\n\n<p>Esse cen\u00e1rio refor\u00e7a a transi\u00e7\u00e3o de esta\u00e7\u00e3o, marcada por oscila\u00e7\u00f5es no clima. Enquanto o calor ainda aparece em alguns dias, a tend\u00eancia \u00e9 de que o tempo se torne cada vez mais inst\u00e1vel, atingindo diferentes regi\u00f5es do pa\u00eds e preparando cidades brasileiras para a chegada de per\u00edodos mais frios nas pr\u00f3ximas semanas.<\/p>\n\n\n\n<p><\/p>\n","protected":false},"excerpt":{"rendered":"<p>Uma mudan\u00e7a no clima come\u00e7a a ganhar for\u00e7a no Brasil e promete dar uma tr\u00e9gua no calor intenso registrado nas \u00faltimas semanas. A chegada de uma massa de ar frio, associada ao avan\u00e7o de uma frente fria, deve provocar chuvas em diversas regi\u00f5es do pa\u00eds, com impacto direto em capitais como S\u00e3o Paulo, Rio de [&hellip;]<\/p>\n","protected":false},"author":4,"featured_media":12221,"comment_status":"open","ping_status":"open","sticky":false,"template":"","format":"standard","meta":{"jnews-multi-image_gallery":[],"jnews_single_post":{"format":"standard"},"jnews_primary_category":[],"jnews_social_meta":[],"jnews_post_split":[],"footnotes":""},"categories":[1],"tags":[],"class_list":["post-23705","post","type-post","status-publish","format-standard","has-post-thumbnail","hentry","category-uncategorized"],"_links":{"self":[{"href":"https:\/\/diariodepernambuco.audiencelabs.com.br\/wp-json\/wp\/v2\/posts\/23705","targetHints":{"allow":["GET"]}}],"collection":[{"href":"https:\/\/diariodepernambuco.audiencelabs.com.br\/wp-json\/wp\/v2\/posts"}],"about":[{"href":"https:\/\/diariodepernambuco.audiencelabs.com.br\/wp-json\/wp\/v2\/types\/post"}],"author":[{"embeddable":true,"href":"https:\/\/diariodepernambuco.audiencelabs.com.br\/wp-json\/wp\/v2\/users\/4"}],"replies":[{"embeddable":true,"href":"https:\/\/diariodepernambuco.audiencelabs.com.br\/wp-json\/wp\/v2\/comments?post=23705"}],"version-history":[{"count":2,"href":"https:\/\/diariodepernambuco.audiencelabs.com.br\/wp-json\/wp\/v2\/posts\/23705\/revisions"}],"predecessor-version":[{"id":23707,"href":"https:\/\/diariodepernambuco.audiencelabs.com.br\/wp-json\/wp\/v2\/posts\/23705\/revisions\/23707"}],"wp:featuredmedia":[{"embeddable":true,"href":"https:\/\/diariodepernambuco.audiencelabs.com.br\/wp-json\/wp\/v2\/media\/12221"}],"wp:attachment":[{"href":"https:\/\/diariodepernambuco.audiencelabs.com.br\/wp-json\/wp\/v2\/media?parent=23705"}],"wp:term":[{"taxonomy":"category","embeddable":true,"href":"https:\/\/diariodepernambuco.audiencelabs.com.br\/wp-json\/wp\/v2\/categories?post=23705"},{"taxonomy":"post_tag","embeddable":true,"href":"https:\/\/diariodepernambuco.audiencelabs.com.br\/wp-json\/wp\/v2\/tags?post=23705"}],"curies":[{"name":"wp","href":"https:\/\/api.w.org\/{rel}","templated":true}]}}