{"id":2372,"date":"2025-09-02T17:30:00","date_gmt":"2025-09-02T20:30:00","guid":{"rendered":"https:\/\/diariodepernambuco.audiencelabs.com.br\/?p=2372"},"modified":"2025-09-01T14:05:01","modified_gmt":"2025-09-01T17:05:01","slug":"inss-realiza-pagamento-extra-alem-do-salario-normal","status":"publish","type":"post","link":"https:\/\/diariodepernambuco.audiencelabs.com.br\/inss-realiza-pagamento-extra-alem-do-salario-normal\/","title":{"rendered":"INSS realiza pagamento extra al\u00e9m do sal\u00e1rio normal"},"content":{"rendered":"\n<p>De acordo com dados do INSS, mais de dois milh\u00f5es de aposentados e pensionistas j\u00e1 aderiram ao acordo de ressarcimento referente a descontos indevidos em seus benef\u00edcios realizados por entidades associativas. Segundo o governo, cerca de 99,5% dos atingidos j\u00e1 haviam recebido os valores de volta at\u00e9 esta segunda-feira (1\u00ba).<\/p>\n\n\n\n<p>O montante foi depositado diretamente na conta do benefici\u00e1rio, j\u00e1 com a devida corre\u00e7\u00e3o pela infla\u00e7\u00e3o. Ainda segundo o INSS, existem aproximadamente 800 mil segurados eleg\u00edveis que n\u00e3o aderiram ao acordo de ressarcimento. A ades\u00e3o \u00e9 gratuita, simples e n\u00e3o exige apresenta\u00e7\u00e3o de documentos.<\/p>\n\n\n\n<p>Os benefici\u00e1rios que tiveram descontos entre mar\u00e7o de 2020 e mar\u00e7o de 2025 podem participar do acordo, inclusive aqueles que ingressaram na Justi\u00e7a, desde que renunciem ao processo. A ades\u00e3o ao ressarcimento deve ser feita exclusivamente pelo aplicativo Meu INSS ou presencialmente em uma ag\u00eancia dos Correios.<\/p>\n\n\n\n<p>A contesta\u00e7\u00e3o dos descontos indevidos pode ser realizada pelo aplicativo Meu INSS, pela Central 135 ou diretamente nas ag\u00eancias dos Correios. O prazo para registrar a solicita\u00e7\u00e3o termina em 14 de novembro de 2025. O INSS refor\u00e7a que n\u00e3o envia links e n\u00e3o cobra nenhuma taxa: o procedimento deve ser feito exclusivamente pelos canais oficiais.<\/p>\n\n\n\n<h2 class=\"wp-block-heading\">Relembre o esc\u00e2ndalo dos descontos do INSS<\/h2>\n\n\n\n<p><strong>O que aconteceu<\/strong><\/p>\n\n\n\n<ul class=\"wp-block-list\">\n<li>Aposentados e pensionistas tiveram descontos n\u00e3o autorizados em seus benef\u00edcios.<\/li>\n\n\n\n<li>Os valores eram cobrados como contribui\u00e7\u00f5es para entidades associativas e sindicais.<\/li>\n<\/ul>\n\n\n\n<p><strong>Per\u00edodo investigado<\/strong><\/p>\n\n\n\n<ul class=\"wp-block-list\">\n<li>Descontos indevidos ocorreram entre mar\u00e7o de 2020 e mar\u00e7o de 2025.<\/li>\n<\/ul>\n\n\n\n<p><strong>Acordo de ressarcimento<\/strong><\/p>\n\n\n\n<ul class=\"wp-block-list\">\n<li>Criado pelo governo e pelo INSS para devolver os valores corrigidos pela infla\u00e7\u00e3o.<\/li>\n\n\n\n<li>Mais de 2 milh\u00f5es de benefici\u00e1rios j\u00e1 foram ressarcidos (cerca de 99,5% dos que aderiram).<\/li>\n\n\n\n<li>Cerca de 800 mil segurados ainda n\u00e3o aderiram.<\/li>\n<\/ul>\n\n\n\n<p><\/p>\n","protected":false},"excerpt":{"rendered":"<p>De acordo com dados do INSS, mais de dois milh\u00f5es de aposentados e pensionistas j\u00e1 aderiram ao acordo de ressarcimento referente a descontos indevidos em seus benef\u00edcios realizados por entidades associativas. Segundo o governo, cerca de 99,5% dos atingidos j\u00e1 haviam recebido os valores de volta at\u00e9 esta segunda-feira (1\u00ba). O montante foi depositado diretamente [&hellip;]<\/p>\n","protected":false},"author":4,"featured_media":566,"comment_status":"open","ping_status":"open","sticky":false,"template":"","format":"standard","meta":{"jnews-multi-image_gallery":[],"jnews_single_post":{"format":"standard"},"jnews_primary_category":[],"jnews_social_meta":[],"jnews_post_split":[],"footnotes":""},"categories":[1],"tags":[],"class_list":["post-2372","post","type-post","status-publish","format-standard","has-post-thumbnail","hentry","category-uncategorized"],"_links":{"self":[{"href":"https:\/\/diariodepernambuco.audiencelabs.com.br\/wp-json\/wp\/v2\/posts\/2372","targetHints":{"allow":["GET"]}}],"collection":[{"href":"https:\/\/diariodepernambuco.audiencelabs.com.br\/wp-json\/wp\/v2\/posts"}],"about":[{"href":"https:\/\/diariodepernambuco.audiencelabs.com.br\/wp-json\/wp\/v2\/types\/post"}],"author":[{"embeddable":true,"href":"https:\/\/diariodepernambuco.audiencelabs.com.br\/wp-json\/wp\/v2\/users\/4"}],"replies":[{"embeddable":true,"href":"https:\/\/diariodepernambuco.audiencelabs.com.br\/wp-json\/wp\/v2\/comments?post=2372"}],"version-history":[{"count":3,"href":"https:\/\/diariodepernambuco.audiencelabs.com.br\/wp-json\/wp\/v2\/posts\/2372\/revisions"}],"predecessor-version":[{"id":2403,"href":"https:\/\/diariodepernambuco.audiencelabs.com.br\/wp-json\/wp\/v2\/posts\/2372\/revisions\/2403"}],"wp:featuredmedia":[{"embeddable":true,"href":"https:\/\/diariodepernambuco.audiencelabs.com.br\/wp-json\/wp\/v2\/media\/566"}],"wp:attachment":[{"href":"https:\/\/diariodepernambuco.audiencelabs.com.br\/wp-json\/wp\/v2\/media?parent=2372"}],"wp:term":[{"taxonomy":"category","embeddable":true,"href":"https:\/\/diariodepernambuco.audiencelabs.com.br\/wp-json\/wp\/v2\/categories?post=2372"},{"taxonomy":"post_tag","embeddable":true,"href":"https:\/\/diariodepernambuco.audiencelabs.com.br\/wp-json\/wp\/v2\/tags?post=2372"}],"curies":[{"name":"wp","href":"https:\/\/api.w.org\/{rel}","templated":true}]}}