{"id":23770,"date":"2026-04-08T22:59:00","date_gmt":"2026-04-09T01:59:00","guid":{"rendered":"https:\/\/diariodepernambuco.audiencelabs.com.br\/?p=23770"},"modified":"2026-04-07T16:33:09","modified_gmt":"2026-04-07T19:33:09","slug":"novas-lentes-de-contato-reduzem-o-cansaco-mental-e-deixam-com-visao-de-luxo","status":"publish","type":"post","link":"https:\/\/diariodepernambuco.audiencelabs.com.br\/novas-lentes-de-contato-reduzem-o-cansaco-mental-e-deixam-com-visao-de-luxo\/","title":{"rendered":"Novas lentes de contato reduzem o cansa\u00e7o mental e deixam com vis\u00e3o de luxo"},"content":{"rendered":"\n<p>Normalmente, quem usa \u00f3culos precisa lidar com pequenas \u00e1reas de desfoque nas lentes e, mesmo sem perceber, o c\u00e9rebro trabalha mais para compensar isso. Com o tempo, isso pode gerar sensa\u00e7\u00e3o de vista cansada e dificuldade de concentra\u00e7\u00e3o. Por\u00e9m, uma lente promete mudar isso e cuidar n\u00e3o cuidar s\u00f3 da vis\u00e3o, mas tamb\u00e9m do cansa\u00e7o mental.<\/p>\n\n\n\n<p>As lentes <strong>ClearMind<\/strong>, da Zeiss, chegam com a proposta de facilitar o trabalho do c\u00e9rebro ao enxergar, principalmente em um dia cheio de telas e est\u00edmulos. Elas foram desenvolvidas para reduzir o esfor\u00e7o do c\u00e9rebro e organizar melhor as \u00e1reas de foco, acompanhando o movimento natural dos olhos. Assim, a imagem chega mais &#8220;pronta&#8221; ao c\u00e9rebro, exigindo menos esfor\u00e7o.<\/p>\n\n\n\n<h2 class=\"wp-block-heading\">Tecnologia pensada para o dia a dia<\/h2>\n\n\n\n<p>Com o uso de uma tecnologia chamada NeurOptix para a cria\u00e7\u00e3o das lentes, o objetivo \u00e9 melhorar o conforto visual em atividades comuns, como usar o celular, trabalhar no computador ou at\u00e9 dirigir.<\/p>\n\n\n\n<p>Em testes com usu\u00e1rios, a maioria relatou mais facilidade para se concentrar e menos cansa\u00e7o no fim do dia. Tamb\u00e9m houve relatos de sensa\u00e7\u00e3o de vis\u00e3o mais leve e natural.<\/p>\n\n\n\n<h2 class=\"wp-block-heading\">Quando chega e quanto custa<\/h2>\n\n\n\n<p>Segundo informa\u00e7\u00f5es da Veja, as lentes j\u00e1 chegaram no Brasil, e pre\u00e7os variam bastante, dependendo do grau e dos ajustes necess\u00e1rios. Os valores partem de cerca de <strong>R$ 1.987<\/strong> e podem chegar a <strong>R$ 16.619<\/strong>.<\/p>\n","protected":false},"excerpt":{"rendered":"<p>Normalmente, quem usa \u00f3culos precisa lidar com pequenas \u00e1reas de desfoque nas lentes e, mesmo sem perceber, o c\u00e9rebro trabalha mais para compensar isso. Com o tempo, isso pode gerar sensa\u00e7\u00e3o de vista cansada e dificuldade de concentra\u00e7\u00e3o. Por\u00e9m, uma lente promete mudar isso e cuidar n\u00e3o cuidar s\u00f3 da vis\u00e3o, mas tamb\u00e9m do cansa\u00e7o [&hellip;]<\/p>\n","protected":false},"author":17,"featured_media":23783,"comment_status":"open","ping_status":"open","sticky":false,"template":"","format":"standard","meta":{"jnews-multi-image_gallery":[],"jnews_single_post":{"format":"standard"},"jnews_primary_category":[],"jnews_social_meta":[],"jnews_post_split":[],"footnotes":""},"categories":[1],"tags":[],"class_list":["post-23770","post","type-post","status-publish","format-standard","has-post-thumbnail","hentry","category-uncategorized"],"_links":{"self":[{"href":"https:\/\/diariodepernambuco.audiencelabs.com.br\/wp-json\/wp\/v2\/posts\/23770","targetHints":{"allow":["GET"]}}],"collection":[{"href":"https:\/\/diariodepernambuco.audiencelabs.com.br\/wp-json\/wp\/v2\/posts"}],"about":[{"href":"https:\/\/diariodepernambuco.audiencelabs.com.br\/wp-json\/wp\/v2\/types\/post"}],"author":[{"embeddable":true,"href":"https:\/\/diariodepernambuco.audiencelabs.com.br\/wp-json\/wp\/v2\/users\/17"}],"replies":[{"embeddable":true,"href":"https:\/\/diariodepernambuco.audiencelabs.com.br\/wp-json\/wp\/v2\/comments?post=23770"}],"version-history":[{"count":1,"href":"https:\/\/diariodepernambuco.audiencelabs.com.br\/wp-json\/wp\/v2\/posts\/23770\/revisions"}],"predecessor-version":[{"id":23784,"href":"https:\/\/diariodepernambuco.audiencelabs.com.br\/wp-json\/wp\/v2\/posts\/23770\/revisions\/23784"}],"wp:featuredmedia":[{"embeddable":true,"href":"https:\/\/diariodepernambuco.audiencelabs.com.br\/wp-json\/wp\/v2\/media\/23783"}],"wp:attachment":[{"href":"https:\/\/diariodepernambuco.audiencelabs.com.br\/wp-json\/wp\/v2\/media?parent=23770"}],"wp:term":[{"taxonomy":"category","embeddable":true,"href":"https:\/\/diariodepernambuco.audiencelabs.com.br\/wp-json\/wp\/v2\/categories?post=23770"},{"taxonomy":"post_tag","embeddable":true,"href":"https:\/\/diariodepernambuco.audiencelabs.com.br\/wp-json\/wp\/v2\/tags?post=23770"}],"curies":[{"name":"wp","href":"https:\/\/api.w.org\/{rel}","templated":true}]}}