{"id":23811,"date":"2026-04-08T09:15:00","date_gmt":"2026-04-08T12:15:00","guid":{"rendered":"https:\/\/diariodepernambuco.audiencelabs.com.br\/?p=23811"},"modified":"2026-04-08T10:17:53","modified_gmt":"2026-04-08T13:17:53","slug":"aulas-sao-suspensas-e-alunos-sao-ordenados-a-ficarem-em-casa-apos-temporal-nestas-cidades","status":"publish","type":"post","link":"https:\/\/diariodepernambuco.audiencelabs.com.br\/aulas-sao-suspensas-e-alunos-sao-ordenados-a-ficarem-em-casa-apos-temporal-nestas-cidades\/","title":{"rendered":"Aulas s\u00e3o suspensas e alunos s\u00e3o ordenados a ficarem em casa ap\u00f3s temporal nestas cidades"},"content":{"rendered":"\n<p>As prefeituras de Pelotas e Rio Grande decidiram suspender as aulas na rede municipal nesta quarta-feira (8) diante da previs\u00e3o de um forte ciclone extratropical que atinge o Sul do pa\u00eds. A medida preventiva foi adotada ap\u00f3s alertas meteorol\u00f3gicos indicarem rajadas de vento superiores a 100 km\/h na regi\u00e3o, cen\u00e1rio considerado de alto risco para a popula\u00e7\u00e3o.<\/p>\n\n\n\n<p>Segundo informa\u00e7\u00f5es das autoridades locais, a suspens\u00e3o tem como principal objetivo preservar a seguran\u00e7a de milhares de pessoas, evitando exposi\u00e7\u00e3o durante o per\u00edodo mais cr\u00edtico do fen\u00f4meno clim\u00e1tico. A orienta\u00e7\u00e3o das defesas civis municipais \u00e9 clara: a popula\u00e7\u00e3o deve permanecer em casa sempre que poss\u00edvel e evitar circula\u00e7\u00e3o desnecess\u00e1ria.<\/p>\n\n\n\n<p>O ciclone extratropical deve provocar impactos significativos, como queda de \u00e1rvores, danos \u00e0 rede el\u00e9trica e risco de destelhamentos. Especialistas alertam que, embora as chuvas possam perder for\u00e7a ao longo do dia, os ventos tendem a se intensificar, elevando o potencial de transtornos urbanos e acidentes.<\/p>\n\n\n\n<p>Diante desse cen\u00e1rio, al\u00e9m da suspens\u00e3o das aulas, outras recomenda\u00e7\u00f5es foram refor\u00e7adas, como evitar \u00e1reas abertas, manter dist\u00e2ncia de estruturas fr\u00e1geis e n\u00e3o se aproximar de fios el\u00e9tricos. Equipes de emerg\u00eancia permanecem mobilizadas para atender poss\u00edveis ocorr\u00eancias e monitorar a evolu\u00e7\u00e3o do sistema clim\u00e1tico na regi\u00e3o Sul.<\/p>\n\n\n\n<h2 class=\"wp-block-heading\">Estragos em escolas agravam situa\u00e7\u00e3o e deixam milhares sem aulas<\/h2>\n\n\n\n<p>Os efeitos do temporal tamb\u00e9m foram sentidos em Santa Maria, na Regi\u00e3o Central, onde a chuva provocou diversos transtornos na rede municipal de ensino. Ao menos 18 escolas foram atingidas, deixando mais de mil alunos sem aulas. A situa\u00e7\u00e3o exp\u00f4s a fragilidade de algumas estruturas diante de eventos clim\u00e1ticos intensos, comprometendo o funcionamento das unidades escolares.<\/p>\n\n\n\n<p>Em uma das institui\u00e7\u00f5es, baldes precisaram ser espalhados pelas salas para conter a \u00e1gua que infiltrava pelo teto, enquanto em outros pontos o forro cedeu, provocando alagamentos em corredores. Em outro caso mais grave, o esgoto transbordou e invadiu \u00e1reas como o refeit\u00f3rio e a cozinha, evidenciando problemas estruturais e sanit\u00e1rios que exigem resposta urgente das autoridades.<\/p>\n\n\n\n<p><\/p>\n","protected":false},"excerpt":{"rendered":"<p>As prefeituras de Pelotas e Rio Grande decidiram suspender as aulas na rede municipal nesta quarta-feira (8) diante da previs\u00e3o de um forte ciclone extratropical que atinge o Sul do pa\u00eds. A medida preventiva foi adotada ap\u00f3s alertas meteorol\u00f3gicos indicarem rajadas de vento superiores a 100 km\/h na regi\u00e3o, cen\u00e1rio considerado de alto risco para [&hellip;]<\/p>\n","protected":false},"author":4,"featured_media":23814,"comment_status":"open","ping_status":"open","sticky":false,"template":"","format":"standard","meta":{"jnews-multi-image_gallery":[],"jnews_single_post":{"format":"standard"},"jnews_primary_category":[],"jnews_social_meta":[],"jnews_post_split":[],"footnotes":""},"categories":[1],"tags":[],"class_list":["post-23811","post","type-post","status-publish","format-standard","has-post-thumbnail","hentry","category-uncategorized"],"_links":{"self":[{"href":"https:\/\/diariodepernambuco.audiencelabs.com.br\/wp-json\/wp\/v2\/posts\/23811","targetHints":{"allow":["GET"]}}],"collection":[{"href":"https:\/\/diariodepernambuco.audiencelabs.com.br\/wp-json\/wp\/v2\/posts"}],"about":[{"href":"https:\/\/diariodepernambuco.audiencelabs.com.br\/wp-json\/wp\/v2\/types\/post"}],"author":[{"embeddable":true,"href":"https:\/\/diariodepernambuco.audiencelabs.com.br\/wp-json\/wp\/v2\/users\/4"}],"replies":[{"embeddable":true,"href":"https:\/\/diariodepernambuco.audiencelabs.com.br\/wp-json\/wp\/v2\/comments?post=23811"}],"version-history":[{"count":4,"href":"https:\/\/diariodepernambuco.audiencelabs.com.br\/wp-json\/wp\/v2\/posts\/23811\/revisions"}],"predecessor-version":[{"id":23864,"href":"https:\/\/diariodepernambuco.audiencelabs.com.br\/wp-json\/wp\/v2\/posts\/23811\/revisions\/23864"}],"wp:featuredmedia":[{"embeddable":true,"href":"https:\/\/diariodepernambuco.audiencelabs.com.br\/wp-json\/wp\/v2\/media\/23814"}],"wp:attachment":[{"href":"https:\/\/diariodepernambuco.audiencelabs.com.br\/wp-json\/wp\/v2\/media?parent=23811"}],"wp:term":[{"taxonomy":"category","embeddable":true,"href":"https:\/\/diariodepernambuco.audiencelabs.com.br\/wp-json\/wp\/v2\/categories?post=23811"},{"taxonomy":"post_tag","embeddable":true,"href":"https:\/\/diariodepernambuco.audiencelabs.com.br\/wp-json\/wp\/v2\/tags?post=23811"}],"curies":[{"name":"wp","href":"https:\/\/api.w.org\/{rel}","templated":true}]}}