{"id":2393,"date":"2025-09-01T19:00:00","date_gmt":"2025-09-01T22:00:00","guid":{"rendered":"https:\/\/diariodepernambuco.audiencelabs.com.br\/?p=2393"},"modified":"2025-09-01T16:40:38","modified_gmt":"2025-09-01T19:40:38","slug":"saida-de-ana-maria-braga-foi-confirmada-com-duas-novas-pessoas-na-globo","status":"publish","type":"post","link":"https:\/\/diariodepernambuco.audiencelabs.com.br\/saida-de-ana-maria-braga-foi-confirmada-com-duas-novas-pessoas-na-globo\/","title":{"rendered":"Sa\u00edda de Ana Maria Braga foi confirmada com duas novas pessoas na Globo"},"content":{"rendered":"\n<p>A apresentadora Ana Maria Braga, comandante do tradicional programa &#8216;Mais Voc\u00ea&#8217;, da TV Globo, surpreendeu os seus f\u00e3s ao anunciar que se afastar\u00e1 da atra\u00e7\u00e3o muito em breve. Em um tom bastante descontra\u00eddo, Ana Maria revelou que entrar\u00e1 de f\u00e9rias nesta semana e que ser\u00e1 substitu\u00edda pela dupla formada por Tati Machado e Gil do Vigor.<\/p>\n\n\n\n<p>&#8220;A gente j\u00e1 est\u00e1 no fim de agosto e o ano est\u00e1 voando. E eu n\u00e3o lembro a \u00faltima vez que eu tirei f\u00e9rias, a n\u00e3o ser para trabalhar ainda mais. Tirar f\u00e9rias para trabalhar n\u00e3o vale. Uma pessoa muito especial vai estar aqui para tocar o Mais Voc\u00ea nessas tr\u00eas semanas: Tati Machado. E ela vai estar acompanhada do Gil do Vigor&#8221;, disse a apresentadora.<\/p>\n\n\n\n<p>A revela\u00e7\u00e3o de Ana Maria Braga ainda contou com um toque de humor de Louro Man\u00e9, seu fiel escudeiro: &#8220;Nossa Senhora, isso vai ser muito legal! Eu acho que n\u00e3o vou tirar f\u00e9rias n\u00e3o, vou ficar assistindo&#8221;. Segundo informa\u00e7\u00f5es iniciais da emissora, a apresentadora comandar\u00e1 o &#8216;Mais Voc\u00ea&#8217; at\u00e9 a pr\u00f3xima quinta-feira (4).<\/p>\n\n\n\n<p>Ana Maria Braga est\u00e1 \u00e0 frente do programa &#8216;Mais Voc\u00ea&#8217; h\u00e1 mais de duas d\u00e9cadas, consolidando-se como uma das apresentadoras mais ic\u00f4nicas da televis\u00e3o brasileira. Desde a estreia do programa em 1999, ela conquistou um p\u00fablico fiel com seu jeito acolhedor, receitas criativas e entrevistas descontra\u00eddas, tornando o &#8216;Mais Voc\u00ea&#8217; um dos programas matinais mais assistidos do pa\u00eds.<\/p>\n\n\n\n<h2 class=\"wp-block-heading\">Ana Maria Braga negou sa\u00edda da TV Globo<\/h2>\n\n\n\n<p>Nos \u00faltimos meses, circularam rumores sobre a poss\u00edvel aposentadoria de Ana Maria Braga e o fim do programa Mais Voc\u00ea na TV Globo. Essas especula\u00e7\u00f5es ganharam for\u00e7a ap\u00f3s a aus\u00eancia da apresentadora em algumas edi\u00e7\u00f5es do programa, o que levou a imprensa a cogitar mudan\u00e7as na grade matutina da emissora.<\/p>\n\n\n\n<p>No entanto, Ana Maria Braga desmentiu essas informa\u00e7\u00f5es em 20 de janeiro de 2025, durante a exibi\u00e7\u00e3o do programa. Ela classificou as not\u00edcias como &#8220;fake news&#8221; e anunciou que tomaria medidas legais contra os respons\u00e1veis pela divulga\u00e7\u00e3o dos boatos. A apresentadora afirmou que continua comprometida com o Mais Voc\u00ea.<\/p>\n","protected":false},"excerpt":{"rendered":"<p>A apresentadora Ana Maria Braga, comandante do tradicional programa &#8216;Mais Voc\u00ea&#8217;, da TV Globo, surpreendeu os seus f\u00e3s ao anunciar que se afastar\u00e1 da atra\u00e7\u00e3o muito em breve. Em um tom bastante descontra\u00eddo, Ana Maria revelou que entrar\u00e1 de f\u00e9rias nesta semana e que ser\u00e1 substitu\u00edda pela dupla formada por Tati Machado e Gil do [&hellip;]<\/p>\n","protected":false},"author":4,"featured_media":1658,"comment_status":"open","ping_status":"open","sticky":false,"template":"","format":"standard","meta":{"jnews-multi-image_gallery":[],"jnews_single_post":{"format":"standard"},"jnews_primary_category":[],"jnews_social_meta":[],"jnews_post_split":[],"footnotes":""},"categories":[1],"tags":[],"class_list":["post-2393","post","type-post","status-publish","format-standard","has-post-thumbnail","hentry","category-uncategorized"],"_links":{"self":[{"href":"https:\/\/diariodepernambuco.audiencelabs.com.br\/wp-json\/wp\/v2\/posts\/2393","targetHints":{"allow":["GET"]}}],"collection":[{"href":"https:\/\/diariodepernambuco.audiencelabs.com.br\/wp-json\/wp\/v2\/posts"}],"about":[{"href":"https:\/\/diariodepernambuco.audiencelabs.com.br\/wp-json\/wp\/v2\/types\/post"}],"author":[{"embeddable":true,"href":"https:\/\/diariodepernambuco.audiencelabs.com.br\/wp-json\/wp\/v2\/users\/4"}],"replies":[{"embeddable":true,"href":"https:\/\/diariodepernambuco.audiencelabs.com.br\/wp-json\/wp\/v2\/comments?post=2393"}],"version-history":[{"count":2,"href":"https:\/\/diariodepernambuco.audiencelabs.com.br\/wp-json\/wp\/v2\/posts\/2393\/revisions"}],"predecessor-version":[{"id":2400,"href":"https:\/\/diariodepernambuco.audiencelabs.com.br\/wp-json\/wp\/v2\/posts\/2393\/revisions\/2400"}],"wp:featuredmedia":[{"embeddable":true,"href":"https:\/\/diariodepernambuco.audiencelabs.com.br\/wp-json\/wp\/v2\/media\/1658"}],"wp:attachment":[{"href":"https:\/\/diariodepernambuco.audiencelabs.com.br\/wp-json\/wp\/v2\/media?parent=2393"}],"wp:term":[{"taxonomy":"category","embeddable":true,"href":"https:\/\/diariodepernambuco.audiencelabs.com.br\/wp-json\/wp\/v2\/categories?post=2393"},{"taxonomy":"post_tag","embeddable":true,"href":"https:\/\/diariodepernambuco.audiencelabs.com.br\/wp-json\/wp\/v2\/tags?post=2393"}],"curies":[{"name":"wp","href":"https:\/\/api.w.org\/{rel}","templated":true}]}}