{"id":24002,"date":"2026-04-09T08:45:00","date_gmt":"2026-04-09T11:45:00","guid":{"rendered":"https:\/\/diariodepernambuco.audiencelabs.com.br\/?p=24002"},"modified":"2026-04-09T08:44:28","modified_gmt":"2026-04-09T11:44:28","slug":"cuca-mal-chegou-no-santos-e-fim-do-ciclo-foi-confirmado","status":"publish","type":"post","link":"https:\/\/diariodepernambuco.audiencelabs.com.br\/cuca-mal-chegou-no-santos-e-fim-do-ciclo-foi-confirmado\/","title":{"rendered":"Cuca mal chegou no Santos e fim de ciclo foi confirmado"},"content":{"rendered":"\n<p>A passagem de Cuca pelo Santos ainda est\u00e1 nos primeiros cap\u00edtulos, mas um epis\u00f3dio recente j\u00e1 marcou negativamente o in\u00edcio de seu trabalho. Contratado no dia 19 de mar\u00e7o, o treinador comandou a equipe pela quarta vez em 2026 e viu um resultado simb\u00f3lico expor fragilidades do time logo no come\u00e7o de sua trajet\u00f3ria.<\/p>\n\n\n\n<p>A derrota por 1 a 0 para o Deportivo Cuenca, pela Copa Sul-Americana, n\u00e3o foi apenas mais um trope\u00e7o fora de casa. O resultado ficou marcado por um \u201cfim de ciclo\u201d hist\u00f3rico: os equatorianos voltaram a vencer um clube brasileiro ap\u00f3s quase meio s\u00e9culo, encerrando um longo jejum que atravessava gera\u00e7\u00f5es.<\/p>\n\n\n\n<p>O \u00faltimo triunfo do Cuenca diante de brasileiros havia ocorrido em 1977, quando bateu o Corinthians por 2 a 1, pela Libertadores. Desde ent\u00e3o, o time acumulava seis confrontos sem vit\u00f3rias contra equipes do Brasil, sequ\u00eancia que finalmente foi interrompida diante do Santos, tornando a derrota ainda mais significativa e pesada para o momento santista.<\/p>\n\n\n\n<p>Dentro de campo, o roteiro aumentou a sensa\u00e7\u00e3o de frustra\u00e7\u00e3o. O Santos criou diversas oportunidades, mas pecou nas finaliza\u00e7\u00f5es e acabou punido em um lance decisivo \u2014 um gol ol\u00edmpico que selou o resultado no Equador. Assim, logo no quarto jogo sob o comando de Cuca, o time j\u00e1 carrega um epis\u00f3dio que entra para a hist\u00f3ria de forma negativa e pressiona o in\u00edcio de trabalho do treinador.<\/p>\n\n\n\n<h2 class=\"wp-block-heading\">T\u00e9cnico n\u00e3o esconde frustra\u00e7\u00e3o e aponta erro grave<\/h2>\n\n\n\n<p>Ap\u00f3s a partida, Cuca n\u00e3o poupou cr\u00edticas ao desempenho da equipe e classificou o resultado como inadmiss\u00edvel. O treinador deixou claro que o Santos deixou escapar uma oportunidade clara de vit\u00f3ria, destacando que o time perdeu um confronto que, em sua vis\u00e3o, \u201cera imposs\u00edvel de perder\u201d, evidenciando o tamanho da decep\u00e7\u00e3o com a atua\u00e7\u00e3o.<\/p>\n\n\n\n<p>O discurso refor\u00e7a o clima de alerta logo no in\u00edcio de sua passagem. Mesmo com pouco tempo de trabalho, Cuca j\u00e1 v\u00ea a press\u00e3o aumentar e cobra uma resposta imediata dentro de campo, especialmente pela forma como o time desperdi\u00e7ou chances e permitiu um resultado hist\u00f3rico negativo para o advers\u00e1rio.<\/p>\n\n\n\n<p><\/p>\n","protected":false},"excerpt":{"rendered":"<p>A passagem de Cuca pelo Santos ainda est\u00e1 nos primeiros cap\u00edtulos, mas um epis\u00f3dio recente j\u00e1 marcou negativamente o in\u00edcio de seu trabalho. Contratado no dia 19 de mar\u00e7o, o treinador comandou a equipe pela quarta vez em 2026 e viu um resultado simb\u00f3lico expor fragilidades do time logo no come\u00e7o de sua trajet\u00f3ria. A [&hellip;]<\/p>\n","protected":false},"author":4,"featured_media":24005,"comment_status":"open","ping_status":"open","sticky":false,"template":"","format":"standard","meta":{"jnews-multi-image_gallery":[],"jnews_single_post":{"format":"standard"},"jnews_primary_category":[],"jnews_social_meta":[],"jnews_post_split":[],"footnotes":""},"categories":[1],"tags":[],"class_list":["post-24002","post","type-post","status-publish","format-standard","has-post-thumbnail","hentry","category-uncategorized"],"_links":{"self":[{"href":"https:\/\/diariodepernambuco.audiencelabs.com.br\/wp-json\/wp\/v2\/posts\/24002","targetHints":{"allow":["GET"]}}],"collection":[{"href":"https:\/\/diariodepernambuco.audiencelabs.com.br\/wp-json\/wp\/v2\/posts"}],"about":[{"href":"https:\/\/diariodepernambuco.audiencelabs.com.br\/wp-json\/wp\/v2\/types\/post"}],"author":[{"embeddable":true,"href":"https:\/\/diariodepernambuco.audiencelabs.com.br\/wp-json\/wp\/v2\/users\/4"}],"replies":[{"embeddable":true,"href":"https:\/\/diariodepernambuco.audiencelabs.com.br\/wp-json\/wp\/v2\/comments?post=24002"}],"version-history":[{"count":3,"href":"https:\/\/diariodepernambuco.audiencelabs.com.br\/wp-json\/wp\/v2\/posts\/24002\/revisions"}],"predecessor-version":[{"id":24008,"href":"https:\/\/diariodepernambuco.audiencelabs.com.br\/wp-json\/wp\/v2\/posts\/24002\/revisions\/24008"}],"wp:featuredmedia":[{"embeddable":true,"href":"https:\/\/diariodepernambuco.audiencelabs.com.br\/wp-json\/wp\/v2\/media\/24005"}],"wp:attachment":[{"href":"https:\/\/diariodepernambuco.audiencelabs.com.br\/wp-json\/wp\/v2\/media?parent=24002"}],"wp:term":[{"taxonomy":"category","embeddable":true,"href":"https:\/\/diariodepernambuco.audiencelabs.com.br\/wp-json\/wp\/v2\/categories?post=24002"},{"taxonomy":"post_tag","embeddable":true,"href":"https:\/\/diariodepernambuco.audiencelabs.com.br\/wp-json\/wp\/v2\/tags?post=24002"}],"curies":[{"name":"wp","href":"https:\/\/api.w.org\/{rel}","templated":true}]}}