{"id":24009,"date":"2026-04-09T09:15:00","date_gmt":"2026-04-09T12:15:00","guid":{"rendered":"https:\/\/diariodepernambuco.audiencelabs.com.br\/?p=24009"},"modified":"2026-04-09T08:53:53","modified_gmt":"2026-04-09T11:53:53","slug":"internacional-toma-de-3-e-acaba-de-cair-para-a-lanterna-do-brasileirao","status":"publish","type":"post","link":"https:\/\/diariodepernambuco.audiencelabs.com.br\/internacional-toma-de-3-e-acaba-de-cair-para-a-lanterna-do-brasileirao\/","title":{"rendered":"Internacional toma de 3 e acaba de cair para a lanterna do Brasileir\u00e3o"},"content":{"rendered":"\n<p>Completando quatro jogos de invencibilidade dentro do Campeonato Brasileiro, o Internacional vai dando adeus \u00e0 parte debaixo da tabela. No \u00faltimo fim de semana, o Colorado bateu o Corinthians fora de casa pelo placar de 1 a 0 e chegou aos 12 pontos conquistados, alcan\u00e7ando a 13\u00aa coloca\u00e7\u00e3o e abrindo dist\u00e2ncia para o temido Z4.<\/p>\n\n\n\n<p>O mesmo, no entanto, n\u00e3o tem acontecido com o time Sub-20 do clube ga\u00facho. No Campeonato Brasileiro Sub-20 S\u00e9rie B, o Internacional sofreu uma dura derrota por 3 a 0 para o Sport, resultado que escancarou a m\u00e1 fase da equipe na competi\u00e7\u00e3o.<\/p>\n\n\n\n<p>O meia Allex, destaque no time principal durante o Campeonato Ga\u00facho, foi utilizado para refor\u00e7ar a equipe de base, mas n\u00e3o conseguiu evitar o rev\u00e9s e ainda desperdi\u00e7ou um p\u00eanalti nos acr\u00e9scimos da partida. A derrota agravou ainda mais a situa\u00e7\u00e3o do clube na categoria.<\/p>\n\n\n\n<p>Rebaixado na temporada passada, o Inter soma duas derrotas consecutivas por tr\u00eas gols de diferen\u00e7a e ainda n\u00e3o pontuou, ocupando a lanterna do grupo na S\u00e9rie B do Brasileiro Sub-20. O desempenho evidencia a dificuldade de reconstru\u00e7\u00e3o da equipe de base, mesmo com a utiliza\u00e7\u00e3o de jogadores que j\u00e1 tiveram espa\u00e7o no elenco profissional.<\/p>\n\n\n\n<h2 class=\"wp-block-heading\">Grupo do Internacional \u00e9 liderado pelo Vila Nova<\/h2>\n\n\n\n<p>Enquanto o Inter soma duas derrotas em seu in\u00edcio de caminhada na S\u00e9rie B do Brasileir\u00e3o Sub-20, na outra ponta do Grupo B o Vila Nova faz bonito: duas vit\u00f3rias sobre Oper\u00e1rio-PR (3 a 1) e Paysandu (2 a 1) colocam o time goiano na lideran\u00e7a da chave.<\/p>\n\n\n\n<p>O Grupo B ainda conta com Atl\u00e9tico-GO (6 pontos), Sport Recife (3), Coritiba (3), Botafogo-SP (3), Paysandu (0) e Oper\u00e1rio-PR (0). No Grupo A, a disputa est\u00e1 entre Cear\u00e1 (6), Novorizontino (6), Mirassol (3), Atl\u00e9tico-MG (3), CRB (3), Chapecoense (0), Brusque (0) e Goi\u00e1s (0).<\/p>\n\n\n\n<p><\/p>\n","protected":false},"excerpt":{"rendered":"<p>Completando quatro jogos de invencibilidade dentro do Campeonato Brasileiro, o Internacional vai dando adeus \u00e0 parte debaixo da tabela. No \u00faltimo fim de semana, o Colorado bateu o Corinthians fora de casa pelo placar de 1 a 0 e chegou aos 12 pontos conquistados, alcan\u00e7ando a 13\u00aa coloca\u00e7\u00e3o e abrindo dist\u00e2ncia para o temido Z4. [&hellip;]<\/p>\n","protected":false},"author":4,"featured_media":24012,"comment_status":"open","ping_status":"open","sticky":false,"template":"","format":"standard","meta":{"jnews-multi-image_gallery":[],"jnews_single_post":{"format":"standard"},"jnews_primary_category":[],"jnews_social_meta":[],"jnews_post_split":[],"footnotes":""},"categories":[1],"tags":[],"class_list":["post-24009","post","type-post","status-publish","format-standard","has-post-thumbnail","hentry","category-uncategorized"],"_links":{"self":[{"href":"https:\/\/diariodepernambuco.audiencelabs.com.br\/wp-json\/wp\/v2\/posts\/24009","targetHints":{"allow":["GET"]}}],"collection":[{"href":"https:\/\/diariodepernambuco.audiencelabs.com.br\/wp-json\/wp\/v2\/posts"}],"about":[{"href":"https:\/\/diariodepernambuco.audiencelabs.com.br\/wp-json\/wp\/v2\/types\/post"}],"author":[{"embeddable":true,"href":"https:\/\/diariodepernambuco.audiencelabs.com.br\/wp-json\/wp\/v2\/users\/4"}],"replies":[{"embeddable":true,"href":"https:\/\/diariodepernambuco.audiencelabs.com.br\/wp-json\/wp\/v2\/comments?post=24009"}],"version-history":[{"count":3,"href":"https:\/\/diariodepernambuco.audiencelabs.com.br\/wp-json\/wp\/v2\/posts\/24009\/revisions"}],"predecessor-version":[{"id":24016,"href":"https:\/\/diariodepernambuco.audiencelabs.com.br\/wp-json\/wp\/v2\/posts\/24009\/revisions\/24016"}],"wp:featuredmedia":[{"embeddable":true,"href":"https:\/\/diariodepernambuco.audiencelabs.com.br\/wp-json\/wp\/v2\/media\/24012"}],"wp:attachment":[{"href":"https:\/\/diariodepernambuco.audiencelabs.com.br\/wp-json\/wp\/v2\/media?parent=24009"}],"wp:term":[{"taxonomy":"category","embeddable":true,"href":"https:\/\/diariodepernambuco.audiencelabs.com.br\/wp-json\/wp\/v2\/categories?post=24009"},{"taxonomy":"post_tag","embeddable":true,"href":"https:\/\/diariodepernambuco.audiencelabs.com.br\/wp-json\/wp\/v2\/tags?post=24009"}],"curies":[{"name":"wp","href":"https:\/\/api.w.org\/{rel}","templated":true}]}}