{"id":2402,"date":"2025-09-01T20:00:00","date_gmt":"2025-09-01T23:00:00","guid":{"rendered":"https:\/\/diariodepernambuco.audiencelabs.com.br\/?p=2402"},"modified":"2025-09-01T16:43:05","modified_gmt":"2025-09-01T19:43:05","slug":"confirmado-em-qual-ano-comecaram-as-fraudes-no-inss","status":"publish","type":"post","link":"https:\/\/diariodepernambuco.audiencelabs.com.br\/confirmado-em-qual-ano-comecaram-as-fraudes-no-inss\/","title":{"rendered":"Confirmado! Em qual ano come\u00e7aram as fraudes no INSS?"},"content":{"rendered":"\n<p>No primeiro depoimento \u00e0 CPI Mista do INSS, a defensora p\u00fablica Patr\u00edcia Bettin Chaves afirmou que come\u00e7ou a identificar descontos irregulares em 2019, mas, naquela \u00e9poca, suas a\u00e7\u00f5es eram individuais, voltadas apenas para suspender o desconto associativo e solicitar o ressarcimento.<\/p>\n\n\n\n<p>Apenas nos \u00faltimos dois anos, ao assumir a C\u00e2mara de Coordena\u00e7\u00e3o e Revis\u00e3o Previdenci\u00e1ria da Defensoria P\u00fablica da Uni\u00e3o, ela passou a atuar de forma coletiva. Segundo ela, essa pauta sempre foi uma prioridade da C\u00e2mara, e ela ressaltou que a Controladoria-Geral da Uni\u00e3o e o Tribunal de Contas da Uni\u00e3o tamb\u00e9m identificaram os descontos n\u00e3o autorizados, permitindo uma atua\u00e7\u00e3o mais estrat\u00e9gica.<\/p>\n\n\n\n<p>&#8220;Os valores variavam em torno de R$ 30 a R$ 80, R$ 90. Se identificou que esses descontos ocorreram em aposentados e pensionistas, na sua grande maioria, pessoas idosas, mais vulner\u00e1veis, de baixa renda, ou seja, com benef\u00edcio de valor m\u00ednimo. Muitos descontos associativos em comunidades mais remotas, ind\u00edgenas, quilombolas, comunidades ribeirinhas&#8221;, disse.<\/p>\n\n\n\n<p>Na primeira etapa da reuni\u00e3o, a CPI aprovou 38 requerimentos, que incluem pedidos de informa\u00e7\u00f5es e de compartilhamento de dados. Entre os documentos solicitados est\u00e3o registros da Advocacia-Geral da Uni\u00e3o, da Controladoria-Geral da Uni\u00e3o e da Pol\u00edcia Federal, abrangendo investiga\u00e7\u00f5es e registros de entrada no Minist\u00e9rio da Previd\u00eancia e no INSS desde 2019.<\/p>\n\n\n\n<h2 class=\"wp-block-heading\">Mais de dois milh\u00f5es j\u00e1 pediram ressarcimento<\/h2>\n\n\n\n<p>De acordo com dados do INSS, mais de dois milh\u00f5es de aposentados e pensionistas j\u00e1 aderiram ao acordo de ressarcimento referente a descontos indevidos em seus benef\u00edcios realizados por entidades associativas. Segundo o governo, cerca de 99,5% dos atingidos j\u00e1 haviam recebido os valores de volta at\u00e9 esta segunda-feira (1\u00ba).<\/p>\n\n\n\n<p>O montante foi depositado diretamente na conta do benefici\u00e1rio, j\u00e1 com a devida corre\u00e7\u00e3o pela infla\u00e7\u00e3o. Ainda segundo o INSS, existem aproximadamente 800 mil segurados eleg\u00edveis que n\u00e3o aderiram ao acordo de ressarcimento. A ades\u00e3o \u00e9 gratuita, simples e n\u00e3o exige apresenta\u00e7\u00e3o de documentos.<\/p>\n\n\n\n<p><\/p>\n","protected":false},"excerpt":{"rendered":"<p>No primeiro depoimento \u00e0 CPI Mista do INSS, a defensora p\u00fablica Patr\u00edcia Bettin Chaves afirmou que come\u00e7ou a identificar descontos irregulares em 2019, mas, naquela \u00e9poca, suas a\u00e7\u00f5es eram individuais, voltadas apenas para suspender o desconto associativo e solicitar o ressarcimento. Apenas nos \u00faltimos dois anos, ao assumir a C\u00e2mara de Coordena\u00e7\u00e3o e Revis\u00e3o Previdenci\u00e1ria [&hellip;]<\/p>\n","protected":false},"author":4,"featured_media":2404,"comment_status":"open","ping_status":"open","sticky":false,"template":"","format":"standard","meta":{"jnews-multi-image_gallery":[],"jnews_single_post":{"format":"standard"},"jnews_primary_category":[],"jnews_social_meta":[],"jnews_post_split":[],"footnotes":""},"categories":[1],"tags":[],"class_list":["post-2402","post","type-post","status-publish","format-standard","has-post-thumbnail","hentry","category-uncategorized"],"_links":{"self":[{"href":"https:\/\/diariodepernambuco.audiencelabs.com.br\/wp-json\/wp\/v2\/posts\/2402","targetHints":{"allow":["GET"]}}],"collection":[{"href":"https:\/\/diariodepernambuco.audiencelabs.com.br\/wp-json\/wp\/v2\/posts"}],"about":[{"href":"https:\/\/diariodepernambuco.audiencelabs.com.br\/wp-json\/wp\/v2\/types\/post"}],"author":[{"embeddable":true,"href":"https:\/\/diariodepernambuco.audiencelabs.com.br\/wp-json\/wp\/v2\/users\/4"}],"replies":[{"embeddable":true,"href":"https:\/\/diariodepernambuco.audiencelabs.com.br\/wp-json\/wp\/v2\/comments?post=2402"}],"version-history":[{"count":1,"href":"https:\/\/diariodepernambuco.audiencelabs.com.br\/wp-json\/wp\/v2\/posts\/2402\/revisions"}],"predecessor-version":[{"id":2406,"href":"https:\/\/diariodepernambuco.audiencelabs.com.br\/wp-json\/wp\/v2\/posts\/2402\/revisions\/2406"}],"wp:featuredmedia":[{"embeddable":true,"href":"https:\/\/diariodepernambuco.audiencelabs.com.br\/wp-json\/wp\/v2\/media\/2404"}],"wp:attachment":[{"href":"https:\/\/diariodepernambuco.audiencelabs.com.br\/wp-json\/wp\/v2\/media?parent=2402"}],"wp:term":[{"taxonomy":"category","embeddable":true,"href":"https:\/\/diariodepernambuco.audiencelabs.com.br\/wp-json\/wp\/v2\/categories?post=2402"},{"taxonomy":"post_tag","embeddable":true,"href":"https:\/\/diariodepernambuco.audiencelabs.com.br\/wp-json\/wp\/v2\/tags?post=2402"}],"curies":[{"name":"wp","href":"https:\/\/api.w.org\/{rel}","templated":true}]}}