{"id":24045,"date":"2026-04-09T09:49:32","date_gmt":"2026-04-09T12:49:32","guid":{"rendered":"https:\/\/diariodepernambuco.audiencelabs.com.br\/?p=24045"},"modified":"2026-04-09T10:42:19","modified_gmt":"2026-04-09T13:42:19","slug":"feriado-foi-confirmado-para-terca-feira-14-bancos-e-comercio-fecham-por-ate-2-dias-nestas-cidades","status":"publish","type":"post","link":"https:\/\/diariodepernambuco.audiencelabs.com.br\/feriado-foi-confirmado-para-terca-feira-14-bancos-e-comercio-fecham-por-ate-2-dias-nestas-cidades\/","title":{"rendered":"Feriado foi confirmado para ter\u00e7a-feira (14); bancos e com\u00e9rcio fecham por at\u00e9 2 dias nestas cidades"},"content":{"rendered":"\n<p>Algumas cidades brasileiras ter\u00e3o uma pausa na pr\u00f3xima ter\u00e7a-feira (14). Isso significa que bancos, parte do com\u00e9rcio e reparti\u00e7\u00f5es p\u00fablicas podem ficar fechados, em alguns casos, at\u00e9 por dois dias seguidos, dependendo de emendas locais.<\/p>\n\n\n\n<h2 class=\"wp-block-heading\">Onde ser\u00e1 feriado?<\/h2>\n\n\n\n<p>A data ser\u00e1 considerada feriado municipal nas seguintes cidades:<\/p>\n\n\n\n<ul class=\"wp-block-list\">\n<li><strong>Bahia (BA):<\/strong> Presidente Dutra<\/li>\n\n\n\n<li><strong>Cear\u00e1 (CE):<\/strong> Baturit\u00e9<\/li>\n\n\n\n<li><strong>Par\u00e1 (PA):<\/strong> Concei\u00e7\u00e3o do Araguaia<\/li>\n\n\n\n<li><strong>Mato Grosso (MT):<\/strong> Nova Xavantina<\/li>\n\n\n\n<li><strong>S\u00e3o Paulo (SP):<\/strong> Botucatu, Ca\u00e7apava, Catanduva e G\u00e1lia<\/li>\n\n\n\n<li><strong>Paran\u00e1 (PR):<\/strong> Palmas e Tapejara<\/li>\n\n\n\n<li><strong>Santa Catarina (SC):<\/strong> Rio do Sul<\/li>\n\n\n\n<li><strong>Rio Grande do Sul (RS):<\/strong> Constantina, Coronel Bicaco e Riozinho<\/li>\n<\/ul>\n\n\n\n<h2 class=\"wp-block-heading\">Bancos e com\u00e9rcio: como funciona?<\/h2>\n\n\n\n<p>Nas cidades onde o feriado \u00e9 v\u00e1lido os bancos n\u00e3o ter\u00e3o atendimento presencial, com apenas os servi\u00e7os digitais dispon\u00edveis, e o com\u00e9rcio pode fechar ou funcionar em hor\u00e1rio reduzido. Servi\u00e7os p\u00fablicos tamb\u00e9m param, com exce\u00e7\u00e3o dos essenciais.<\/p>\n\n\n\n<p>Em alguns locais, pode haver emenda com o fim de semana ou outros dias, prolongando a folga. Por isso, vale a pena conferir como cada cidade vai organizar o funcionamento.<\/p>\n\n\n\n<h2 class=\"wp-block-heading\">Aten\u00e7\u00e3o antes de sair de casa<\/h2>\n\n\n\n<p>Se voc\u00ea mora em uma dessas cidades, o ideal \u00e9 se planejar e j\u00e1 antecipar pagamentos e compromissos. Verifique tamb\u00e9m os hor\u00e1rios das lojas e servi\u00e7os e, se precisar, use aplicativos banc\u00e1rios.<\/p>\n","protected":false},"excerpt":{"rendered":"<p>Algumas cidades brasileiras ter\u00e3o uma pausa na pr\u00f3xima ter\u00e7a-feira (14). Isso significa que bancos, parte do com\u00e9rcio e reparti\u00e7\u00f5es p\u00fablicas podem ficar fechados, em alguns casos, at\u00e9 por dois dias seguidos, dependendo de emendas locais. Onde ser\u00e1 feriado? A data ser\u00e1 considerada feriado municipal nas seguintes cidades: Bancos e com\u00e9rcio: como funciona? Nas cidades onde [&hellip;]<\/p>\n","protected":false},"author":17,"featured_media":18091,"comment_status":"open","ping_status":"open","sticky":false,"template":"","format":"standard","meta":{"jnews-multi-image_gallery":[],"jnews_single_post":{"format":"standard"},"jnews_primary_category":[],"jnews_social_meta":[],"jnews_post_split":[],"footnotes":""},"categories":[1],"tags":[],"class_list":["post-24045","post","type-post","status-publish","format-standard","has-post-thumbnail","hentry","category-uncategorized"],"_links":{"self":[{"href":"https:\/\/diariodepernambuco.audiencelabs.com.br\/wp-json\/wp\/v2\/posts\/24045","targetHints":{"allow":["GET"]}}],"collection":[{"href":"https:\/\/diariodepernambuco.audiencelabs.com.br\/wp-json\/wp\/v2\/posts"}],"about":[{"href":"https:\/\/diariodepernambuco.audiencelabs.com.br\/wp-json\/wp\/v2\/types\/post"}],"author":[{"embeddable":true,"href":"https:\/\/diariodepernambuco.audiencelabs.com.br\/wp-json\/wp\/v2\/users\/17"}],"replies":[{"embeddable":true,"href":"https:\/\/diariodepernambuco.audiencelabs.com.br\/wp-json\/wp\/v2\/comments?post=24045"}],"version-history":[{"count":2,"href":"https:\/\/diariodepernambuco.audiencelabs.com.br\/wp-json\/wp\/v2\/posts\/24045\/revisions"}],"predecessor-version":[{"id":24072,"href":"https:\/\/diariodepernambuco.audiencelabs.com.br\/wp-json\/wp\/v2\/posts\/24045\/revisions\/24072"}],"wp:featuredmedia":[{"embeddable":true,"href":"https:\/\/diariodepernambuco.audiencelabs.com.br\/wp-json\/wp\/v2\/media\/18091"}],"wp:attachment":[{"href":"https:\/\/diariodepernambuco.audiencelabs.com.br\/wp-json\/wp\/v2\/media?parent=24045"}],"wp:term":[{"taxonomy":"category","embeddable":true,"href":"https:\/\/diariodepernambuco.audiencelabs.com.br\/wp-json\/wp\/v2\/categories?post=24045"},{"taxonomy":"post_tag","embeddable":true,"href":"https:\/\/diariodepernambuco.audiencelabs.com.br\/wp-json\/wp\/v2\/tags?post=24045"}],"curies":[{"name":"wp","href":"https:\/\/api.w.org\/{rel}","templated":true}]}}