{"id":2429,"date":"2025-09-03T08:00:00","date_gmt":"2025-09-03T11:00:00","guid":{"rendered":"https:\/\/diariodepernambuco.audiencelabs.com.br\/?p=2429"},"modified":"2025-09-02T09:12:36","modified_gmt":"2025-09-02T12:12:36","slug":"novo-iphone-17-tudo-sobre-o-lancamento-do-celular","status":"publish","type":"post","link":"https:\/\/diariodepernambuco.audiencelabs.com.br\/novo-iphone-17-tudo-sobre-o-lancamento-do-celular\/","title":{"rendered":"Novo iPhone 17: tudo sobre o lan\u00e7amento do celular"},"content":{"rendered":"\n<p>O lan\u00e7amento do iPhone 17, marcado pela Apple para 9 de setembro, chega acompanhado do iOS 26, a nova vers\u00e3o do sistema operacional da marca. A atualiza\u00e7\u00e3o estreia a est\u00e9tica \u201cLiquid Glass\u201d, que confere aos aplicativos um visual mais transl\u00facido e fluido.<\/p>\n\n\n\n<p>Al\u00e9m do design renovado, o iOS 26 traz avan\u00e7os em sa\u00fade, seguran\u00e7a e produtividade, apoiados pelo Apple Intelligence \u2014 sistema de intelig\u00eancia artificial da empresa, agora integrado ao ChatGPT. De acordo com a Bloomberg, os novos iPhones ter\u00e3o chips otimizados para rodar IA, o que deve ampliar ainda mais o alcance dessas ferramentas.<\/p>\n\n\n\n<p>Entre os recursos de seguran\u00e7a, a prote\u00e7\u00e3o contra roubos e furtos passa a vir ativada de f\u00e1brica, e a op\u00e7\u00e3o \u201cRedefinir Face ID\u201d ser\u00e1 automaticamente bloqueada quando a \u201cProte\u00e7\u00e3o para Dispositivo Roubado\u201d estiver habilitada. O iOS 26 tamb\u00e9m permitir\u00e1 ocultar aplicativos. Ou seja, eles n\u00e3o ficar\u00e3o vis\u00edveis na tela inicial.<\/p>\n\n\n\n<p>O app Senhas recebeu novos recursos. Entre eles est\u00e1 o hist\u00f3rico de senhas, que possibilita recuperar vers\u00f5es antigas quando necess\u00e1rio. Al\u00e9m disso, a autentica\u00e7\u00e3o em dois fatores (2FA) foi aprimorada e agora permite o preenchimento autom\u00e1tico de c\u00f3digos enviados por SMS tamb\u00e9m em sites e aplicativos fora do ecossistema Apple.<\/p>\n\n\n\n<h2 class=\"wp-block-heading\">O lan\u00e7amento do novo iPhone 17<\/h2>\n\n\n\n<p>\ud83d\udcf1 Lan\u00e7amento: confirmado para 9 de setembro.<\/p>\n\n\n\n<p>\ud83d\udcbb iOS 26: chega junto com o aparelho, trazendo a nova est\u00e9tica \u201cLiquid Glass\u201d, com interface mais fluida e transl\u00facida.<\/p>\n\n\n\n<p>\ud83e\udd16 Apple Intelligence + ChatGPT: intelig\u00eancia artificial integrada, com chips do iPhone 17 otimizados para IA.<\/p>\n\n\n\n<p>\ud83d\udd12 Seguran\u00e7a:<\/p>\n\n\n\n<ul class=\"wp-block-list\">\n<li>Prote\u00e7\u00e3o contra roubos e furtos ativada por padr\u00e3o.<\/li>\n\n\n\n<li>\u201cRedefinir Face ID\u201d desativado automaticamente quando a prote\u00e7\u00e3o estiver ativa.<\/li>\n<\/ul>\n\n\n\n<p>\u26a1 Produtividade e sa\u00fade: novos recursos impulsionados por IA.<\/p>\n\n\n\n<p>\ud83d\udd0b iPhone 17 Pro Max: modelo mais espesso para abrigar a maior bateria da hist\u00f3ria do iPhone, prometendo maior autonomia.<\/p>\n\n\n\n<p><\/p>\n","protected":false},"excerpt":{"rendered":"<p>O lan\u00e7amento do iPhone 17, marcado pela Apple para 9 de setembro, chega acompanhado do iOS 26, a nova vers\u00e3o do sistema operacional da marca. A atualiza\u00e7\u00e3o estreia a est\u00e9tica \u201cLiquid Glass\u201d, que confere aos aplicativos um visual mais transl\u00facido e fluido. Al\u00e9m do design renovado, o iOS 26 traz avan\u00e7os em sa\u00fade, seguran\u00e7a e [&hellip;]<\/p>\n","protected":false},"author":4,"featured_media":1948,"comment_status":"open","ping_status":"open","sticky":false,"template":"","format":"standard","meta":{"jnews-multi-image_gallery":[],"jnews_single_post":{"format":"standard"},"jnews_primary_category":[],"jnews_social_meta":[],"jnews_post_split":[],"footnotes":""},"categories":[1],"tags":[],"class_list":["post-2429","post","type-post","status-publish","format-standard","has-post-thumbnail","hentry","category-uncategorized"],"_links":{"self":[{"href":"https:\/\/diariodepernambuco.audiencelabs.com.br\/wp-json\/wp\/v2\/posts\/2429","targetHints":{"allow":["GET"]}}],"collection":[{"href":"https:\/\/diariodepernambuco.audiencelabs.com.br\/wp-json\/wp\/v2\/posts"}],"about":[{"href":"https:\/\/diariodepernambuco.audiencelabs.com.br\/wp-json\/wp\/v2\/types\/post"}],"author":[{"embeddable":true,"href":"https:\/\/diariodepernambuco.audiencelabs.com.br\/wp-json\/wp\/v2\/users\/4"}],"replies":[{"embeddable":true,"href":"https:\/\/diariodepernambuco.audiencelabs.com.br\/wp-json\/wp\/v2\/comments?post=2429"}],"version-history":[{"count":2,"href":"https:\/\/diariodepernambuco.audiencelabs.com.br\/wp-json\/wp\/v2\/posts\/2429\/revisions"}],"predecessor-version":[{"id":2432,"href":"https:\/\/diariodepernambuco.audiencelabs.com.br\/wp-json\/wp\/v2\/posts\/2429\/revisions\/2432"}],"wp:featuredmedia":[{"embeddable":true,"href":"https:\/\/diariodepernambuco.audiencelabs.com.br\/wp-json\/wp\/v2\/media\/1948"}],"wp:attachment":[{"href":"https:\/\/diariodepernambuco.audiencelabs.com.br\/wp-json\/wp\/v2\/media?parent=2429"}],"wp:term":[{"taxonomy":"category","embeddable":true,"href":"https:\/\/diariodepernambuco.audiencelabs.com.br\/wp-json\/wp\/v2\/categories?post=2429"},{"taxonomy":"post_tag","embeddable":true,"href":"https:\/\/diariodepernambuco.audiencelabs.com.br\/wp-json\/wp\/v2\/tags?post=2429"}],"curies":[{"name":"wp","href":"https:\/\/api.w.org\/{rel}","templated":true}]}}