{"id":2434,"date":"2025-09-03T09:00:00","date_gmt":"2025-09-03T12:00:00","guid":{"rendered":"https:\/\/diariodepernambuco.audiencelabs.com.br\/?p=2434"},"modified":"2025-09-02T09:28:47","modified_gmt":"2025-09-02T12:28:47","slug":"quem-sera-o-substituto-de-william-bonner-no-jornal-nacional","status":"publish","type":"post","link":"https:\/\/diariodepernambuco.audiencelabs.com.br\/quem-sera-o-substituto-de-william-bonner-no-jornal-nacional\/","title":{"rendered":"Quem ser\u00e1 o substituto de William Bonner no Jornal Nacional?"},"content":{"rendered":"\n<p>Fim de uma era! Nesta segunda-feira (1\u00ba), a TV Globo anunciou que William Bonner vai sair da bancada do Jornal Nacional ap\u00f3s longos 29 anos como \u00e2ncora da atra\u00e7\u00e3o. De acordo com o comunicado, o \u00faltimo programa apresentado por ele ser\u00e1 no dia 3 de novembro, uma segunda-feira.<\/p>\n\n\n\n<p>O pr\u00f3prio Bonner comentou sua despedida do Jornal Nacional durante a transmiss\u00e3o ao vivo. Ele explicou que a decis\u00e3o foi pessoal e come\u00e7ou a ser amadurecida em 2020, no per\u00edodo da pandemia. O jornalista destacou ainda que a fam\u00edlia teve peso fundamental na escolha, j\u00e1 que dois de seus tr\u00eas filhos, do casamento com F\u00e1tima Bernardes, vivem na Fran\u00e7a, e ele deseja dedicar mais tempo a eles.<\/p>\n\n\n\n<p>Ap\u00f3s o dia 3 de novembro, o JN passar\u00e1 a contar com C\u00e9sar Tralli ao lado de Renata Vasconcellos. A dan\u00e7a das cadeiras ainda respingou em outras atra\u00e7\u00f5es da Globo: no Jornal Hoje, Roberto Kovalick substituir\u00e1 Tralli, enquanto Tiago Scheuer assume o Hora Um. Por fim, Bonner ter\u00e1 um novo desafio e assumir\u00e1 o comando do Globo Rep\u00f3rter com Sandra Annenberg.<\/p>\n\n\n\n<p>&#8220;Depois que avisei que gostaria de mudar, a Globo e eu n\u00e3o concordamos de imediato com esse calend\u00e1rio. Eu tinha uma urg\u00eancia, mas n\u00f3s entramos num acordo, porque era evidente que uma movimenta\u00e7\u00e3o dessa natureza deveria ser feita com calma&#8221;, disse William Bonner.<\/p>\n\n\n\n<h2 class=\"wp-block-heading\">A sa\u00edda de William Bonner do Jornal Nacional<\/h2>\n\n\n\n<p>\ud83d\udcf0 An\u00fancio: Bonner confirmou sua despedida do JN em transmiss\u00e3o ao vivo.<\/p>\n\n\n\n<p>\ud83d\udcc5 Decis\u00e3o amadurecida: come\u00e7ou a ser pensada em 2020, durante a pandemia.<\/p>\n\n\n\n<p>\ud83d\udc68\u200d\ud83d\udc69\u200d\ud83d\udc67\u200d\ud83d\udc66 Motivo principal: desejo de priorizar a fam\u00edlia.<\/p>\n\n\n\n<p>\ud83c\udf0d Filhos no exterior: dois de seus tr\u00eas filhos, do casamento com F\u00e1tima Bernardes, vivem na Fran\u00e7a.<\/p>\n\n\n\n<p>\u2708\ufe0f Planos pessoais: Bonner quer passar mais tempo com eles e reduzir a rotina intensa do telejornal.<\/p>\n","protected":false},"excerpt":{"rendered":"<p>Fim de uma era! Nesta segunda-feira (1\u00ba), a TV Globo anunciou que William Bonner vai sair da bancada do Jornal Nacional ap\u00f3s longos 29 anos como \u00e2ncora da atra\u00e7\u00e3o. De acordo com o comunicado, o \u00faltimo programa apresentado por ele ser\u00e1 no dia 3 de novembro, uma segunda-feira. O pr\u00f3prio Bonner comentou sua despedida do [&hellip;]<\/p>\n","protected":false},"author":4,"featured_media":2436,"comment_status":"open","ping_status":"open","sticky":false,"template":"","format":"standard","meta":{"jnews-multi-image_gallery":[],"jnews_single_post":{"format":"standard"},"jnews_primary_category":[],"jnews_social_meta":[],"jnews_post_split":[],"footnotes":""},"categories":[1],"tags":[],"class_list":["post-2434","post","type-post","status-publish","format-standard","has-post-thumbnail","hentry","category-uncategorized"],"_links":{"self":[{"href":"https:\/\/diariodepernambuco.audiencelabs.com.br\/wp-json\/wp\/v2\/posts\/2434","targetHints":{"allow":["GET"]}}],"collection":[{"href":"https:\/\/diariodepernambuco.audiencelabs.com.br\/wp-json\/wp\/v2\/posts"}],"about":[{"href":"https:\/\/diariodepernambuco.audiencelabs.com.br\/wp-json\/wp\/v2\/types\/post"}],"author":[{"embeddable":true,"href":"https:\/\/diariodepernambuco.audiencelabs.com.br\/wp-json\/wp\/v2\/users\/4"}],"replies":[{"embeddable":true,"href":"https:\/\/diariodepernambuco.audiencelabs.com.br\/wp-json\/wp\/v2\/comments?post=2434"}],"version-history":[{"count":2,"href":"https:\/\/diariodepernambuco.audiencelabs.com.br\/wp-json\/wp\/v2\/posts\/2434\/revisions"}],"predecessor-version":[{"id":2437,"href":"https:\/\/diariodepernambuco.audiencelabs.com.br\/wp-json\/wp\/v2\/posts\/2434\/revisions\/2437"}],"wp:featuredmedia":[{"embeddable":true,"href":"https:\/\/diariodepernambuco.audiencelabs.com.br\/wp-json\/wp\/v2\/media\/2436"}],"wp:attachment":[{"href":"https:\/\/diariodepernambuco.audiencelabs.com.br\/wp-json\/wp\/v2\/media?parent=2434"}],"wp:term":[{"taxonomy":"category","embeddable":true,"href":"https:\/\/diariodepernambuco.audiencelabs.com.br\/wp-json\/wp\/v2\/categories?post=2434"},{"taxonomy":"post_tag","embeddable":true,"href":"https:\/\/diariodepernambuco.audiencelabs.com.br\/wp-json\/wp\/v2\/tags?post=2434"}],"curies":[{"name":"wp","href":"https:\/\/api.w.org\/{rel}","templated":true}]}}