{"id":2444,"date":"2025-09-03T10:30:00","date_gmt":"2025-09-03T13:30:00","guid":{"rendered":"https:\/\/diariodepernambuco.audiencelabs.com.br\/?p=2444"},"modified":"2025-09-02T09:50:14","modified_gmt":"2025-09-02T12:50:14","slug":"saiba-qual-grupo-especifico-foi-procurado-por-lula-para-ajudar-no-tarifaco","status":"publish","type":"post","link":"https:\/\/diariodepernambuco.audiencelabs.com.br\/saiba-qual-grupo-especifico-foi-procurado-por-lula-para-ajudar-no-tarifaco\/","title":{"rendered":"Saiba qual grupo espec\u00edfico foi procurado por Lula para ajudar no tarifa\u00e7o"},"content":{"rendered":"\n<p>O presidente Luiz In\u00e1cio Lula da Silva convocou para a pr\u00f3xima segunda-feira (8) uma reuni\u00e3o virtual com os l\u00edderes do Brics, com o objetivo de discutir o pacote tarif\u00e1rio imposto por Donald Trump. Segundo dois integrantes do governo brasileiro, Lula pretende abordar n\u00e3o apenas as medidas adotadas pelos EUA, mas tamb\u00e9m refor\u00e7ar a unidade das principais economias emergentes em defesa do multilateralismo.<\/p>\n\n\n\n<p>Em julho, Trump colocou o Brasil no centro de sua guerra comercial, amea\u00e7ando aplicar tarifas de 50% caso o Supremo Tribunal Federal (STF) n\u00e3o interrompesse imediatamente o julgamento em que o ex-presidente Jair Bolsonaro responde por tentativa de golpe. O caso ganhou ainda mais destaque com a abertura do julgamento na \u00faltima ter\u00e7a-feira (2).<\/p>\n\n\n\n<p>O governo brasileiro teme que Trump aumente a press\u00e3o, j\u00e1 que os EUA revogaram vistos de ministros do STF e aplicaram san\u00e7\u00f5es da Lei Magnitsky contra o ministro Alexandre de Moraes. Cada pa\u00eds do Brics foi atingido por tarifas em n\u00edveis distintos, o que dificulta a elabora\u00e7\u00e3o de uma declara\u00e7\u00e3o conjunta.<\/p>\n\n\n\n<p>Ainda assim, Lula busca evitar que o encontro seja interpretado como uma c\u00fapula de car\u00e1ter antiamericano. A reuni\u00e3o virtual ocorrer\u00e1 em meio a intensas articula\u00e7\u00f5es diplom\u00e1ticas. No fim de semana, o presidente da China, Xi Jinping, e o primeiro-ministro da \u00cdndia, Narendra Modi, se reunir\u00e3o em Tianjin. Modi tamb\u00e9m se encontrou com o presidente russo, Vladimir Putin, na segunda-feira.<\/p>\n\n\n\n<h2 class=\"wp-block-heading\">O \u201ctarifa\u00e7o\u201d de Donald Trump ao Brasil<\/h2>\n\n\n\n<p>\ud83c\uddfa\ud83c\uddf8 Medida dos EUA: Donald Trump amea\u00e7ou impor tarifas comerciais mais altas ao Brasil.<\/p>\n\n\n\n<p>\ud83d\udcc5 Contexto: a amea\u00e7a surgiu em julho, ligada ao julgamento de Jair Bolsonaro no STF por tentativa de golpe.<\/p>\n\n\n\n<p>\ud83d\udcb0 Impacto: tarifas de at\u00e9 50% sobre produtos brasileiros foram anunciadas.<\/p>\n\n\n\n<p>\ud83c\udfaf Motivo pol\u00edtico: os EUA exigiam a suspens\u00e3o do julgamento de Bolsonaro como condi\u00e7\u00e3o para n\u00e3o aumentar as tarifas.<\/p>\n\n\n\n<p>\u2696\ufe0f San\u00e7\u00f5es adicionais: revoga\u00e7\u00e3o de vistos de ministros do STF e aplica\u00e7\u00e3o da Lei Magnitsky contra Alexandre de Moraes.<\/p>\n\n\n\n<p>\ud83c\udf10 Rea\u00e7\u00e3o do Brasil: Lula convocou reuni\u00e3o virtual com l\u00edderes do Brics para discutir o tema e refor\u00e7ar o multilateralismo.<\/p>\n\n\n\n<p><\/p>\n","protected":false},"excerpt":{"rendered":"<p>O presidente Luiz In\u00e1cio Lula da Silva convocou para a pr\u00f3xima segunda-feira (8) uma reuni\u00e3o virtual com os l\u00edderes do Brics, com o objetivo de discutir o pacote tarif\u00e1rio imposto por Donald Trump. Segundo dois integrantes do governo brasileiro, Lula pretende abordar n\u00e3o apenas as medidas adotadas pelos EUA, mas tamb\u00e9m refor\u00e7ar a unidade das [&hellip;]<\/p>\n","protected":false},"author":4,"featured_media":2447,"comment_status":"open","ping_status":"open","sticky":false,"template":"","format":"standard","meta":{"jnews-multi-image_gallery":[],"jnews_single_post":{"format":"standard"},"jnews_primary_category":[],"jnews_social_meta":[],"jnews_post_split":[],"footnotes":""},"categories":[1],"tags":[],"class_list":["post-2444","post","type-post","status-publish","format-standard","has-post-thumbnail","hentry","category-uncategorized"],"_links":{"self":[{"href":"https:\/\/diariodepernambuco.audiencelabs.com.br\/wp-json\/wp\/v2\/posts\/2444","targetHints":{"allow":["GET"]}}],"collection":[{"href":"https:\/\/diariodepernambuco.audiencelabs.com.br\/wp-json\/wp\/v2\/posts"}],"about":[{"href":"https:\/\/diariodepernambuco.audiencelabs.com.br\/wp-json\/wp\/v2\/types\/post"}],"author":[{"embeddable":true,"href":"https:\/\/diariodepernambuco.audiencelabs.com.br\/wp-json\/wp\/v2\/users\/4"}],"replies":[{"embeddable":true,"href":"https:\/\/diariodepernambuco.audiencelabs.com.br\/wp-json\/wp\/v2\/comments?post=2444"}],"version-history":[{"count":2,"href":"https:\/\/diariodepernambuco.audiencelabs.com.br\/wp-json\/wp\/v2\/posts\/2444\/revisions"}],"predecessor-version":[{"id":2449,"href":"https:\/\/diariodepernambuco.audiencelabs.com.br\/wp-json\/wp\/v2\/posts\/2444\/revisions\/2449"}],"wp:featuredmedia":[{"embeddable":true,"href":"https:\/\/diariodepernambuco.audiencelabs.com.br\/wp-json\/wp\/v2\/media\/2447"}],"wp:attachment":[{"href":"https:\/\/diariodepernambuco.audiencelabs.com.br\/wp-json\/wp\/v2\/media?parent=2444"}],"wp:term":[{"taxonomy":"category","embeddable":true,"href":"https:\/\/diariodepernambuco.audiencelabs.com.br\/wp-json\/wp\/v2\/categories?post=2444"},{"taxonomy":"post_tag","embeddable":true,"href":"https:\/\/diariodepernambuco.audiencelabs.com.br\/wp-json\/wp\/v2\/tags?post=2444"}],"curies":[{"name":"wp","href":"https:\/\/api.w.org\/{rel}","templated":true}]}}