{"id":2451,"date":"2025-09-03T11:30:00","date_gmt":"2025-09-03T14:30:00","guid":{"rendered":"https:\/\/diariodepernambuco.audiencelabs.com.br\/?p=2451"},"modified":"2025-09-02T09:57:28","modified_gmt":"2025-09-02T12:57:28","slug":"whatsapp-anuncia-fim-do-ciclo-no-mes-de-setembro-entenda","status":"publish","type":"post","link":"https:\/\/diariodepernambuco.audiencelabs.com.br\/whatsapp-anuncia-fim-do-ciclo-no-mes-de-setembro-entenda\/","title":{"rendered":"WhatsApp anuncia fim do ciclo no m\u00eas de setembro: entenda"},"content":{"rendered":"\n<p>O WhatsApp, o aplicativo de mensagens mais usado no mundo, anunciou que, a partir de 1\u00ba de setembro de 2025, deixar\u00e1 de oferecer suporte a uma nova leva de celulares com sistemas operacionais desatualizados. A medida afetar\u00e1 principalmente usu\u00e1rios de dispositivos antigos, lan\u00e7ados entre 2012 e 2016.<\/p>\n\n\n\n<p>Com mais de 2,7 bilh\u00f5es de usu\u00e1rios ativos globalmente, o WhatsApp precisa atualizar constantemente sua plataforma para garantir seguran\u00e7a, desempenho e compatibilidade com recursos modernos. Por isso, o suporte a sistemas antigos \u00e9 descontinuado anualmente, impactando milh\u00f5es de pessoas que ainda usam aparelhos mais antigos.<\/p>\n\n\n\n<p>Segundo a Meta, dona do WhatsApp, os dispositivos antigos n\u00e3o conseguem receber atualiza\u00e7\u00f5es essenciais de seguran\u00e7a nem rodar novos recursos, tornando o aplicativo inst\u00e1vel ou vulner\u00e1vel a falhas e ataques. A lista divulgada pela Meta inclui modelos Android com vers\u00f5es 5.0 ou anteriores e iPhones com iOS 12 ou inferior.<\/p>\n\n\n\n<p>Al\u00e9m disso, celulares com mem\u00f3ria RAM limitada, processadores antigos e armazenamento reduzido n\u00e3o conseguem rodar as vers\u00f5es mais recentes do aplicativo, causando lentid\u00e3o e prejudicando a experi\u00eancia do usu\u00e1rio. Embora o WhatsApp ainda funcione por um tempo, seu uso cont\u00ednuo n\u00e3o \u00e9 recomendado, pois n\u00e3o haver\u00e1 atualiza\u00e7\u00f5es de seguran\u00e7a nem corre\u00e7\u00f5es de falhas.<\/p>\n\n\n\n<h2 class=\"wp-block-heading\">Dispositivos Android afetados (Android 5.0 ou anterior)<\/h2>\n\n\n\n<p><strong>Samsung<\/strong><\/p>\n\n\n\n<ul class=\"wp-block-list\">\n<li>Galaxy S3<\/li>\n\n\n\n<li>Galaxy S4 Mini<\/li>\n\n\n\n<li>Galaxy Note 2<\/li>\n<\/ul>\n\n\n\n<p><strong>LG<\/strong><\/p>\n\n\n\n<ul class=\"wp-block-list\">\n<li>Optimus G<\/li>\n\n\n\n<li>Nexus 4<\/li>\n\n\n\n<li>LG G2 Mini<\/li>\n<\/ul>\n\n\n\n<p><strong>Motorola<\/strong><\/p>\n\n\n\n<ul class=\"wp-block-list\">\n<li>Moto G (1\u00aa gera\u00e7\u00e3o)<\/li>\n\n\n\n<li>Droid Razr HD<\/li>\n<\/ul>\n\n\n\n<p><strong>Huawei<\/strong><\/p>\n\n\n\n<ul class=\"wp-block-list\">\n<li>Ascend D2<\/li>\n<\/ul>\n\n\n\n<p><strong>Sony<\/strong><\/p>\n\n\n\n<ul class=\"wp-block-list\">\n<li>Xperia Z<\/li>\n\n\n\n<li>Xperia SP<\/li>\n\n\n\n<li>Xperia T<\/li>\n\n\n\n<li>Xperia V<\/li>\n<\/ul>\n\n\n\n<p><strong>HTC<\/strong><\/p>\n\n\n\n<ul class=\"wp-block-list\">\n<li>One X<\/li>\n\n\n\n<li>One X+<\/li>\n\n\n\n<li>Desire 500<\/li>\n\n\n\n<li>Desire 601<\/li>\n<\/ul>\n\n\n\n<h2 class=\"wp-block-heading\">Dispositivos Apple afetados (iOS 12 ou anterior)<\/h2>\n\n\n\n<ul class=\"wp-block-list\">\n<li>iPhone 5<\/li>\n\n\n\n<li>iPhone 5c<\/li>\n\n\n\n<li>iPhone SE (1\u00aa gera\u00e7\u00e3o)<\/li>\n\n\n\n<li>iPhone 6 (caso n\u00e3o tenha sido atualizado al\u00e9m do iOS 12)<\/li>\n<\/ul>\n\n\n\n<p><\/p>\n","protected":false},"excerpt":{"rendered":"<p>O WhatsApp, o aplicativo de mensagens mais usado no mundo, anunciou que, a partir de 1\u00ba de setembro de 2025, deixar\u00e1 de oferecer suporte a uma nova leva de celulares com sistemas operacionais desatualizados. A medida afetar\u00e1 principalmente usu\u00e1rios de dispositivos antigos, lan\u00e7ados entre 2012 e 2016. Com mais de 2,7 bilh\u00f5es de usu\u00e1rios ativos [&hellip;]<\/p>\n","protected":false},"author":4,"featured_media":756,"comment_status":"open","ping_status":"open","sticky":false,"template":"","format":"standard","meta":{"jnews-multi-image_gallery":[],"jnews_single_post":{"format":"standard"},"jnews_primary_category":[],"jnews_social_meta":[],"jnews_post_split":[],"footnotes":""},"categories":[1],"tags":[],"class_list":["post-2451","post","type-post","status-publish","format-standard","has-post-thumbnail","hentry","category-uncategorized"],"_links":{"self":[{"href":"https:\/\/diariodepernambuco.audiencelabs.com.br\/wp-json\/wp\/v2\/posts\/2451","targetHints":{"allow":["GET"]}}],"collection":[{"href":"https:\/\/diariodepernambuco.audiencelabs.com.br\/wp-json\/wp\/v2\/posts"}],"about":[{"href":"https:\/\/diariodepernambuco.audiencelabs.com.br\/wp-json\/wp\/v2\/types\/post"}],"author":[{"embeddable":true,"href":"https:\/\/diariodepernambuco.audiencelabs.com.br\/wp-json\/wp\/v2\/users\/4"}],"replies":[{"embeddable":true,"href":"https:\/\/diariodepernambuco.audiencelabs.com.br\/wp-json\/wp\/v2\/comments?post=2451"}],"version-history":[{"count":2,"href":"https:\/\/diariodepernambuco.audiencelabs.com.br\/wp-json\/wp\/v2\/posts\/2451\/revisions"}],"predecessor-version":[{"id":2454,"href":"https:\/\/diariodepernambuco.audiencelabs.com.br\/wp-json\/wp\/v2\/posts\/2451\/revisions\/2454"}],"wp:featuredmedia":[{"embeddable":true,"href":"https:\/\/diariodepernambuco.audiencelabs.com.br\/wp-json\/wp\/v2\/media\/756"}],"wp:attachment":[{"href":"https:\/\/diariodepernambuco.audiencelabs.com.br\/wp-json\/wp\/v2\/media?parent=2451"}],"wp:term":[{"taxonomy":"category","embeddable":true,"href":"https:\/\/diariodepernambuco.audiencelabs.com.br\/wp-json\/wp\/v2\/categories?post=2451"},{"taxonomy":"post_tag","embeddable":true,"href":"https:\/\/diariodepernambuco.audiencelabs.com.br\/wp-json\/wp\/v2\/tags?post=2451"}],"curies":[{"name":"wp","href":"https:\/\/api.w.org\/{rel}","templated":true}]}}