{"id":25381,"date":"2026-04-25T23:20:00","date_gmt":"2026-04-26T02:20:00","guid":{"rendered":"https:\/\/diariodepernambuco.audiencelabs.com.br\/?p=25381"},"modified":"2026-04-21T15:11:57","modified_gmt":"2026-04-21T18:11:57","slug":"qual-foi-a-causa-da-morte-de-oscar-schmidt","status":"publish","type":"post","link":"https:\/\/diariodepernambuco.audiencelabs.com.br\/qual-foi-a-causa-da-morte-de-oscar-schmidt\/","title":{"rendered":"Qual foi a causa da morte de Oscar Schmidt?"},"content":{"rendered":"\n<p>A morte de Oscar Schmidt, um dos maiores nomes do basquete mundial, gerou grande como\u00e7\u00e3o no Brasil e no exterior. O ex-jogador faleceu aos 68 anos ap\u00f3s passar mal em casa, o que mobilizou rapidamente familiares. Ele foi levado \u00e0s pressas para um hospital na Grande S\u00e3o Paulo. Apesar do atendimento, o quadro j\u00e1 era considerado extremamente grave.<\/p>\n\n\n\n<p>De acordo com informa\u00e7\u00f5es divulgadas, a causa da morte foi uma parada cardiorrespirat\u00f3ria, quando cora\u00e7\u00e3o e respira\u00e7\u00e3o param simultaneamente. O \u00eddolo j\u00e1 teria chegado \u00e0 unidade hospitalar sem sinais vitais. Isso dificultou qualquer tentativa de reanima\u00e7\u00e3o por parte da equipe m\u00e9dica. A confirma\u00e7\u00e3o oficial da causa aumentou ainda mais a como\u00e7\u00e3o entre f\u00e3s.<\/p>\n\n\n\n<p>A sa\u00fade de Oscar Schmidt j\u00e1 inspirava cuidados h\u00e1 anos por conta de um tumor cerebral enfrentado desde a d\u00e9cada passada. Ao longo desse per\u00edodo, ele passou por cirurgias e tratamentos intensos. Mesmo diante das dificuldades, sempre demonstrou coragem ao falar sobre a doen\u00e7a. Sua luta virou exemplo de for\u00e7a para muitos brasileiros.<\/p>\n\n\n\n<p>Nos \u00faltimos meses, familiares j\u00e1 indicavam que o quadro era delicado, especialmente ap\u00f3s novos procedimentos m\u00e9dicos. Ainda assim, Oscar seguia sendo lembrado como s\u00edmbolo de supera\u00e7\u00e3o e paix\u00e3o pelo esporte. Sua trajet\u00f3ria marcou gera\u00e7\u00f5es dentro e fora das quadras. A despedida deixa um legado imenso para o basquete brasileiro.<\/p>\n\n\n\n<h2 class=\"wp-block-heading\">Doen\u00e7a antiga agravou quadro de sa\u00fade<\/h2>\n\n\n\n<p>A parada cardiorrespirat\u00f3ria que causou a morte do ex-jogador costuma estar ligada a problemas de sa\u00fade j\u00e1 existentes. No caso de Oscar Schmidt, o hist\u00f3rico de c\u00e2ncer no c\u00e9rebro contribuiu para a fragilidade do organismo. Com o tempo, o corpo responde com mais dificuldade a complica\u00e7\u00f5es graves. Isso ajuda a explicar a rapidez do desfecho.<\/p>\n\n\n\n<p>Mesmo diante da longa batalha contra a doen\u00e7a, o \u201cM\u00e3o Santa\u201d deixa um legado gigantesco no esporte. Ele \u00e9 considerado um dos maiores pontuadores da hist\u00f3ria do basquete mundial. Sua carreira foi marcada por recordes e momentos inesquec\u00edveis. Oscar Schmidt seguir\u00e1 como inspira\u00e7\u00e3o para futuras gera\u00e7\u00f5es.<\/p>\n","protected":false},"excerpt":{"rendered":"<p>A morte de Oscar Schmidt, um dos maiores nomes do basquete mundial, gerou grande como\u00e7\u00e3o no Brasil e no exterior. O ex-jogador faleceu aos 68 anos ap\u00f3s passar mal em casa, o que mobilizou rapidamente familiares. Ele foi levado \u00e0s pressas para um hospital na Grande S\u00e3o Paulo. Apesar do atendimento, o quadro j\u00e1 era [&hellip;]<\/p>\n","protected":false},"author":4,"featured_media":25384,"comment_status":"open","ping_status":"open","sticky":false,"template":"","format":"standard","meta":{"jnews-multi-image_gallery":[],"jnews_single_post":{"format":"standard"},"jnews_primary_category":[],"jnews_social_meta":[],"jnews_post_split":[],"footnotes":""},"categories":[1],"tags":[],"class_list":["post-25381","post","type-post","status-publish","format-standard","has-post-thumbnail","hentry","category-uncategorized"],"_links":{"self":[{"href":"https:\/\/diariodepernambuco.audiencelabs.com.br\/wp-json\/wp\/v2\/posts\/25381","targetHints":{"allow":["GET"]}}],"collection":[{"href":"https:\/\/diariodepernambuco.audiencelabs.com.br\/wp-json\/wp\/v2\/posts"}],"about":[{"href":"https:\/\/diariodepernambuco.audiencelabs.com.br\/wp-json\/wp\/v2\/types\/post"}],"author":[{"embeddable":true,"href":"https:\/\/diariodepernambuco.audiencelabs.com.br\/wp-json\/wp\/v2\/users\/4"}],"replies":[{"embeddable":true,"href":"https:\/\/diariodepernambuco.audiencelabs.com.br\/wp-json\/wp\/v2\/comments?post=25381"}],"version-history":[{"count":2,"href":"https:\/\/diariodepernambuco.audiencelabs.com.br\/wp-json\/wp\/v2\/posts\/25381\/revisions"}],"predecessor-version":[{"id":25385,"href":"https:\/\/diariodepernambuco.audiencelabs.com.br\/wp-json\/wp\/v2\/posts\/25381\/revisions\/25385"}],"wp:featuredmedia":[{"embeddable":true,"href":"https:\/\/diariodepernambuco.audiencelabs.com.br\/wp-json\/wp\/v2\/media\/25384"}],"wp:attachment":[{"href":"https:\/\/diariodepernambuco.audiencelabs.com.br\/wp-json\/wp\/v2\/media?parent=25381"}],"wp:term":[{"taxonomy":"category","embeddable":true,"href":"https:\/\/diariodepernambuco.audiencelabs.com.br\/wp-json\/wp\/v2\/categories?post=25381"},{"taxonomy":"post_tag","embeddable":true,"href":"https:\/\/diariodepernambuco.audiencelabs.com.br\/wp-json\/wp\/v2\/tags?post=25381"}],"curies":[{"name":"wp","href":"https:\/\/api.w.org\/{rel}","templated":true}]}}