{"id":25643,"date":"2026-04-26T09:50:00","date_gmt":"2026-04-26T12:50:00","guid":{"rendered":"https:\/\/diariodepernambuco.audiencelabs.com.br\/?p=25643"},"modified":"2026-04-23T14:01:28","modified_gmt":"2026-04-23T17:01:28","slug":"marca-de-luxo-da-china-chega-para-concorrer-com-bmw-e-audi","status":"publish","type":"post","link":"https:\/\/diariodepernambuco.audiencelabs.com.br\/marca-de-luxo-da-china-chega-para-concorrer-com-bmw-e-audi\/","title":{"rendered":"Marca de luxo da China chega para concorrer com BMW e Audi"},"content":{"rendered":"\n<p>Uma nova marca de luxo chinesa est\u00e1 prestes a desembarcar no Brasil e promete mexer com o mercado premium. Trata-se da IM Motors, divis\u00e3o de alto padr\u00e3o ligada \u00e0 MG Motor, que chega com foco em carros el\u00e9tricos sofisticados. A proposta \u00e9 clara: competir diretamente com gigantes como BMW e Audi.<\/p>\n\n\n\n<p>A estreia da marca est\u00e1 prevista para o segundo semestre de 2026 e deve acontecer com um SUV cup\u00ea el\u00e9trico. O modelo mais cotado \u00e9 o IM LS6, que j\u00e1 foi flagrado em testes no Brasil e impressiona pelos n\u00fameros. Ele pode entregar at\u00e9 751 cv de pot\u00eancia e acelerar de 0 a 100 km\/h em apenas 3,5 segundos. Al\u00e9m disso, a autonomia pode chegar a 624 km, com recarga ultrarr\u00e1pida.<\/p>\n\n\n\n<p>A estrat\u00e9gia da MG \u00e9 utilizar sua pr\u00f3pria rede de concession\u00e1rias para vender os modelos da nova divis\u00e3o. A expectativa \u00e9 expandir a presen\u00e7a no pa\u00eds, passando de cerca de 25 para at\u00e9 70 pontos de venda. Dentro dessas lojas, haver\u00e1 espa\u00e7os exclusivos dedicados \u00e0 IM Motors. Isso mostra que a marca chega com planejamento s\u00f3lido e foco no crescimento.<\/p>\n\n\n\n<p>O objetivo \u00e9 posicionar a IM Motors como uma alternativa direta \u00e0s marcas premium j\u00e1 consolidadas no Brasil, como BMW, Audi, Mercedes-Benz e Volvo. A aposta est\u00e1 em tecnologia, eletrifica\u00e7\u00e3o e alto desempenho para conquistar espa\u00e7o entre consumidores exigentes. Com isso, a disputa no segmento de luxo promete ficar ainda mais acirrada nos pr\u00f3ximos anos.<\/p>\n\n\n\n<h2 class=\"wp-block-heading\">Tecnologia avan\u00e7ada e eletrifica\u00e7\u00e3o s\u00e3o os principais diferenciais<\/h2>\n\n\n\n<p>Os modelos da IM Motors chegam com foco total em inova\u00e7\u00e3o e eletrifica\u00e7\u00e3o. A marca aposta em sistemas de condu\u00e7\u00e3o avan\u00e7ados, interior altamente tecnol\u00f3gico e solu\u00e7\u00f5es voltadas para conforto e desempenho. Em alguns casos, h\u00e1 at\u00e9 vers\u00f5es com autonomia estendida, combinando motor el\u00e9trico com gerador a combust\u00e3o.<\/p>\n\n\n\n<p>Al\u00e9m disso, a chegada da nova marca faz parte de um plano maior do grupo SAIC para crescer no Brasil. A ideia \u00e9 fortalecer a presen\u00e7a no pa\u00eds com produtos mais sofisticados e ampliar a competitividade frente a outras chinesas que j\u00e1 atuam no segmento premium. Com isso, o consumidor brasileiro ganha mais op\u00e7\u00f5es no mercado de luxo.<\/p>\n\n\n\n<p><\/p>\n","protected":false},"excerpt":{"rendered":"<p>Uma nova marca de luxo chinesa est\u00e1 prestes a desembarcar no Brasil e promete mexer com o mercado premium. Trata-se da IM Motors, divis\u00e3o de alto padr\u00e3o ligada \u00e0 MG Motor, que chega com foco em carros el\u00e9tricos sofisticados. A proposta \u00e9 clara: competir diretamente com gigantes como BMW e Audi. A estreia da marca [&hellip;]<\/p>\n","protected":false},"author":4,"featured_media":25660,"comment_status":"open","ping_status":"open","sticky":false,"template":"","format":"standard","meta":{"jnews-multi-image_gallery":[],"jnews_single_post":{"format":"standard"},"jnews_primary_category":[],"jnews_social_meta":[],"jnews_post_split":[],"footnotes":""},"categories":[1],"tags":[],"class_list":["post-25643","post","type-post","status-publish","format-standard","has-post-thumbnail","hentry","category-uncategorized"],"_links":{"self":[{"href":"https:\/\/diariodepernambuco.audiencelabs.com.br\/wp-json\/wp\/v2\/posts\/25643","targetHints":{"allow":["GET"]}}],"collection":[{"href":"https:\/\/diariodepernambuco.audiencelabs.com.br\/wp-json\/wp\/v2\/posts"}],"about":[{"href":"https:\/\/diariodepernambuco.audiencelabs.com.br\/wp-json\/wp\/v2\/types\/post"}],"author":[{"embeddable":true,"href":"https:\/\/diariodepernambuco.audiencelabs.com.br\/wp-json\/wp\/v2\/users\/4"}],"replies":[{"embeddable":true,"href":"https:\/\/diariodepernambuco.audiencelabs.com.br\/wp-json\/wp\/v2\/comments?post=25643"}],"version-history":[{"count":3,"href":"https:\/\/diariodepernambuco.audiencelabs.com.br\/wp-json\/wp\/v2\/posts\/25643\/revisions"}],"predecessor-version":[{"id":25663,"href":"https:\/\/diariodepernambuco.audiencelabs.com.br\/wp-json\/wp\/v2\/posts\/25643\/revisions\/25663"}],"wp:featuredmedia":[{"embeddable":true,"href":"https:\/\/diariodepernambuco.audiencelabs.com.br\/wp-json\/wp\/v2\/media\/25660"}],"wp:attachment":[{"href":"https:\/\/diariodepernambuco.audiencelabs.com.br\/wp-json\/wp\/v2\/media?parent=25643"}],"wp:term":[{"taxonomy":"category","embeddable":true,"href":"https:\/\/diariodepernambuco.audiencelabs.com.br\/wp-json\/wp\/v2\/categories?post=25643"},{"taxonomy":"post_tag","embeddable":true,"href":"https:\/\/diariodepernambuco.audiencelabs.com.br\/wp-json\/wp\/v2\/tags?post=25643"}],"curies":[{"name":"wp","href":"https:\/\/api.w.org\/{rel}","templated":true}]}}