{"id":25674,"date":"2026-04-26T10:40:00","date_gmt":"2026-04-26T13:40:00","guid":{"rendered":"https:\/\/diariodepernambuco.audiencelabs.com.br\/?p=25674"},"modified":"2026-04-23T14:20:46","modified_gmt":"2026-04-23T17:20:46","slug":"5-racas-de-cachorros-mais-calminhas-para-ter-em-casa-e-apartamentos","status":"publish","type":"post","link":"https:\/\/diariodepernambuco.audiencelabs.com.br\/5-racas-de-cachorros-mais-calminhas-para-ter-em-casa-e-apartamentos\/","title":{"rendered":"5 ra\u00e7as de cachorros mais calminhas para ter em casa e apartamentos"},"content":{"rendered":"\n<p>Escolher um cachorro para viver dentro de casa exige aten\u00e7\u00e3o ao temperamento, j\u00e1 que algumas ra\u00e7as s\u00e3o naturalmente mais tranquilas e se adaptam melhor a espa\u00e7os menores. Especialistas apontam que c\u00e3es com menor n\u00edvel de energia tendem a latir menos, exigir menos atividade f\u00edsica e conviver melhor em ambientes fechados.<\/p>\n\n\n\n<p>O Basset Hound \u00e9 um dos principais exemplos de calmaria. Conhecido pelo jeito pregui\u00e7oso e ritmo lento, ele prefere descansar a correr pela casa. Seu comportamento equilibrado e baixo n\u00edvel de agita\u00e7\u00e3o fazem dele uma excelente escolha para ambientes internos.<\/p>\n\n\n\n<p>Outro destaque \u00e9 o S\u00e3o Bernardo, um gigante conhecido pela personalidade d\u00f3cil e paciente. Apesar do tamanho, \u00e9 extremamente calmo e costuma agir com tranquilidade dentro de casa. J\u00e1 o Malt\u00eas representa bem as ra\u00e7as pequenas, sendo silencioso, afetuoso e ideal para quem vive em apartamento.<\/p>\n\n\n\n<p>Completam a lista o Cavalier King Charles Spaniel, conhecido por seu temperamento equilibrado e carinhoso, e o Bulldog Ingl\u00eas, que apesar da apar\u00eancia forte, \u00e9 extremamente tranquilo e gosta de ambientes confort\u00e1veis. Essas ra\u00e7as mostram que \u00e9 poss\u00edvel ter um companheiro fiel sem abrir m\u00e3o da paz dentro de casa.<\/p>\n\n\n\n<h2 class=\"wp-block-heading\">Ra\u00e7as calmas s\u00e3o ideais para rotina tranquila e espa\u00e7os menores<\/h2>\n\n\n\n<p>C\u00e3es mais tranquilos costumam exigir menos exerc\u00edcios intensos e se adaptam melhor \u00e0 rotina dos donos. Isso facilita a conviv\u00eancia, especialmente para quem trabalha fora ou mora em locais com pouco espa\u00e7o. Al\u00e9m disso, essas ra\u00e7as tendem a latir menos e apresentar menos comportamentos destrutivos.<\/p>\n\n\n\n<p>Ainda assim, \u00e9 importante lembrar que cada animal tem sua pr\u00f3pria personalidade. Mesmo dentro de ra\u00e7as consideradas calmas, fatores como cria\u00e7\u00e3o, ambiente e est\u00edmulos influenciam o comportamento. Com os cuidados certos, qualquer uma dessas op\u00e7\u00f5es pode se tornar o companheiro ideal para o dia a dia.<\/p>\n","protected":false},"excerpt":{"rendered":"<p>Escolher um cachorro para viver dentro de casa exige aten\u00e7\u00e3o ao temperamento, j\u00e1 que algumas ra\u00e7as s\u00e3o naturalmente mais tranquilas e se adaptam melhor a espa\u00e7os menores. Especialistas apontam que c\u00e3es com menor n\u00edvel de energia tendem a latir menos, exigir menos atividade f\u00edsica e conviver melhor em ambientes fechados. O Basset Hound \u00e9 um [&hellip;]<\/p>\n","protected":false},"author":4,"featured_media":25677,"comment_status":"open","ping_status":"open","sticky":false,"template":"","format":"standard","meta":{"jnews-multi-image_gallery":[],"jnews_single_post":{"format":"standard"},"jnews_primary_category":[],"jnews_social_meta":[],"jnews_post_split":[],"footnotes":""},"categories":[1],"tags":[],"class_list":["post-25674","post","type-post","status-publish","format-standard","has-post-thumbnail","hentry","category-uncategorized"],"_links":{"self":[{"href":"https:\/\/diariodepernambuco.audiencelabs.com.br\/wp-json\/wp\/v2\/posts\/25674","targetHints":{"allow":["GET"]}}],"collection":[{"href":"https:\/\/diariodepernambuco.audiencelabs.com.br\/wp-json\/wp\/v2\/posts"}],"about":[{"href":"https:\/\/diariodepernambuco.audiencelabs.com.br\/wp-json\/wp\/v2\/types\/post"}],"author":[{"embeddable":true,"href":"https:\/\/diariodepernambuco.audiencelabs.com.br\/wp-json\/wp\/v2\/users\/4"}],"replies":[{"embeddable":true,"href":"https:\/\/diariodepernambuco.audiencelabs.com.br\/wp-json\/wp\/v2\/comments?post=25674"}],"version-history":[{"count":1,"href":"https:\/\/diariodepernambuco.audiencelabs.com.br\/wp-json\/wp\/v2\/posts\/25674\/revisions"}],"predecessor-version":[{"id":25675,"href":"https:\/\/diariodepernambuco.audiencelabs.com.br\/wp-json\/wp\/v2\/posts\/25674\/revisions\/25675"}],"wp:featuredmedia":[{"embeddable":true,"href":"https:\/\/diariodepernambuco.audiencelabs.com.br\/wp-json\/wp\/v2\/media\/25677"}],"wp:attachment":[{"href":"https:\/\/diariodepernambuco.audiencelabs.com.br\/wp-json\/wp\/v2\/media?parent=25674"}],"wp:term":[{"taxonomy":"category","embeddable":true,"href":"https:\/\/diariodepernambuco.audiencelabs.com.br\/wp-json\/wp\/v2\/categories?post=25674"},{"taxonomy":"post_tag","embeddable":true,"href":"https:\/\/diariodepernambuco.audiencelabs.com.br\/wp-json\/wp\/v2\/tags?post=25674"}],"curies":[{"name":"wp","href":"https:\/\/api.w.org\/{rel}","templated":true}]}}