{"id":25692,"date":"2026-04-26T08:55:00","date_gmt":"2026-04-26T11:55:00","guid":{"rendered":"https:\/\/diariodepernambuco.audiencelabs.com.br\/?p=25692"},"modified":"2026-04-23T16:33:35","modified_gmt":"2026-04-23T19:33:35","slug":"oficial-neymar-foi-deixado-de-fora-da-copa-do-mundo-2026","status":"publish","type":"post","link":"https:\/\/diariodepernambuco.audiencelabs.com.br\/oficial-neymar-foi-deixado-de-fora-da-copa-do-mundo-2026\/","title":{"rendered":"Oficial! Neymar foi deixado de fora da Copa do Mundo 2026"},"content":{"rendered":"\n<p>Uma not\u00edcia surpreendeu muitos f\u00e3s do jogador Neymar: <strong>ele n\u00e3o aparece na pr\u00e9via oficial do \u00e1lbum da Copa do Mundo<\/strong> deste ano. Mesmo que o \u00e1lbum n\u00e3o defina quem vai jogar o torneio, a falta do jogador acabou levantando d\u00favidas sobre sua convoca\u00e7\u00e3o para a competi\u00e7\u00e3o.<\/p>\n\n\n\n<h2 class=\"wp-block-heading\">Nomes que aparecem no \u00e1lbum<\/h2>\n\n\n\n<p>O \u00e1lbum, produzido pela Panini, j\u00e1 come\u00e7ou a circular em alguns pa\u00edses da Europa e trouxe uma lista com jogadores que foram convocados recentemente. Entre eles est\u00e3o Vini Jr., Raphinha, Jo\u00e3o Pedro, Gabriel Martinelli, entre outros.<\/p>\n\n\n\n<p>Enquanto isso, a aus\u00eancia de Neymar no \u00e1lbum levanta ainda mais questionamentos sobre a convoca\u00e7\u00e3o e sobre o momento atual do jogador, j\u00e1 que ele n\u00e3o vive sua melhor fase. Entre les\u00f5es e falta de sequ\u00eancia nos jogos, o atleta tem enfrentado dificuldades para retomar o n\u00edvel de antigamente. Por isso, hoje ele j\u00e1 n\u00e3o \u00e9 mais visto como presen\u00e7a certa na lista final da Sele\u00e7\u00e3o.<\/p>\n\n\n\n<p>Mesmo assim, sua trajet\u00f3ria ainda pesa bastante e ele segue sendo um dos jogadores mais importantes do futebol brasileiro, o que mant\u00e9m aberta a possibilidade de voltar a ser convocado.<\/p>\n\n\n\n<h2 class=\"wp-block-heading\">Nada est\u00e1 decidido ainda<\/h2>\n\n\n\n<p>Apesar de toda a repercuss\u00e3o, \u00e9 importante lembrar que o \u00e1lbum n\u00e3o define quem estar\u00e1 na Copa. A lista oficial ainda ser\u00e1 anunciada pelo treinador Carlo Ancelotti, no <strong>dia 18 de maio<\/strong>, e mudan\u00e7as podem acontecer at\u00e9 l\u00e1.<\/p>\n","protected":false},"excerpt":{"rendered":"<p>Uma not\u00edcia surpreendeu muitos f\u00e3s do jogador Neymar: ele n\u00e3o aparece na pr\u00e9via oficial do \u00e1lbum da Copa do Mundo deste ano. Mesmo que o \u00e1lbum n\u00e3o defina quem vai jogar o torneio, a falta do jogador acabou levantando d\u00favidas sobre sua convoca\u00e7\u00e3o para a competi\u00e7\u00e3o. Nomes que aparecem no \u00e1lbum O \u00e1lbum, produzido pela [&hellip;]<\/p>\n","protected":false},"author":17,"featured_media":24173,"comment_status":"open","ping_status":"open","sticky":false,"template":"","format":"standard","meta":{"jnews-multi-image_gallery":[],"jnews_single_post":{"format":"standard"},"jnews_primary_category":[],"jnews_social_meta":[],"jnews_post_split":[],"footnotes":""},"categories":[1],"tags":[],"class_list":["post-25692","post","type-post","status-publish","format-standard","has-post-thumbnail","hentry","category-uncategorized"],"_links":{"self":[{"href":"https:\/\/diariodepernambuco.audiencelabs.com.br\/wp-json\/wp\/v2\/posts\/25692","targetHints":{"allow":["GET"]}}],"collection":[{"href":"https:\/\/diariodepernambuco.audiencelabs.com.br\/wp-json\/wp\/v2\/posts"}],"about":[{"href":"https:\/\/diariodepernambuco.audiencelabs.com.br\/wp-json\/wp\/v2\/types\/post"}],"author":[{"embeddable":true,"href":"https:\/\/diariodepernambuco.audiencelabs.com.br\/wp-json\/wp\/v2\/users\/17"}],"replies":[{"embeddable":true,"href":"https:\/\/diariodepernambuco.audiencelabs.com.br\/wp-json\/wp\/v2\/comments?post=25692"}],"version-history":[{"count":3,"href":"https:\/\/diariodepernambuco.audiencelabs.com.br\/wp-json\/wp\/v2\/posts\/25692\/revisions"}],"predecessor-version":[{"id":25699,"href":"https:\/\/diariodepernambuco.audiencelabs.com.br\/wp-json\/wp\/v2\/posts\/25692\/revisions\/25699"}],"wp:featuredmedia":[{"embeddable":true,"href":"https:\/\/diariodepernambuco.audiencelabs.com.br\/wp-json\/wp\/v2\/media\/24173"}],"wp:attachment":[{"href":"https:\/\/diariodepernambuco.audiencelabs.com.br\/wp-json\/wp\/v2\/media?parent=25692"}],"wp:term":[{"taxonomy":"category","embeddable":true,"href":"https:\/\/diariodepernambuco.audiencelabs.com.br\/wp-json\/wp\/v2\/categories?post=25692"},{"taxonomy":"post_tag","embeddable":true,"href":"https:\/\/diariodepernambuco.audiencelabs.com.br\/wp-json\/wp\/v2\/tags?post=25692"}],"curies":[{"name":"wp","href":"https:\/\/api.w.org\/{rel}","templated":true}]}}