{"id":25717,"date":"2026-05-01T20:30:00","date_gmt":"2026-05-01T23:30:00","guid":{"rendered":"https:\/\/diariodepernambuco.audiencelabs.com.br\/?p=25717"},"modified":"2026-04-23T18:16:07","modified_gmt":"2026-04-23T21:16:07","slug":"5-carros-mais-vendidos-do-brasil-em-abril-de-2026-2","status":"publish","type":"post","link":"https:\/\/diariodepernambuco.audiencelabs.com.br\/5-carros-mais-vendidos-do-brasil-em-abril-de-2026-2\/","title":{"rendered":"5 carros mais vendidos do Brasil em abril de 2026"},"content":{"rendered":"\n<p>O setor automotivo segue aquecido neste m\u00eas de abril, uma vez que os \u00edndices de vendas de ve\u00edculos, nos mais variados segmentos, <strong>continuam em alta<\/strong>, confirmando a const\u00e2ncia das compras no per\u00edodo.<\/p>\n\n\n\n<p>\u00c9 importante ressaltar que, embora praticamente<strong> todos os segmentos tenham apresentado desempenho satisfat\u00f3rio<\/strong>, os hatchbacks compactos continuaram registrando resultados mais expressivos, sobretudo em raz\u00e3o de seus pre\u00e7os acess\u00edveis e versatilidade.<\/p>\n\n\n\n<p>E de acordo com dados divulgados pelo portal<em> Car.Blog.Com<\/em>, at\u00e9 as \u00faltimas semanas de abril, estes foram os 5 modelos que apresentaram os \u00edndices de vendas mais relevantes do setor:<\/p>\n\n\n\n<h2 class=\"wp-block-heading\">Fiat Argo<\/h2>\n\n\n\n<p><strong>Total de unidades comercializadas: 4.906<\/strong><\/p>\n\n\n\n<p>Reconhecido por seu design charmoso, bom espa\u00e7o interno e consumo eficiente, o carro da Fiat conseguiu conquistar a lideran\u00e7a do mercado em abril, mesmo ap\u00f3s registrar uma queda de 15,4% nas vendas em rela\u00e7\u00e3o a mar\u00e7o.<\/p>\n\n\n\n<h2 class=\"wp-block-heading\">VW Polo<\/h2>\n\n\n\n<p><strong>Total de unidades comercializadas: 4.885<\/strong><\/p>\n\n\n\n<p>Mesmo tendo sofrido uma queda de 36,9% em compara\u00e7\u00e3o ao m\u00eas anterior, o Polo conseguiu se manter na segunda posi\u00e7\u00e3o, tendo como seus atributos o conhecido potencial de sua vers\u00e3o de entrada e condi\u00e7\u00f5es comerciais favor\u00e1veis, fornecidas por campanhas agressivas.<\/p>\n\n\n\n<h2 class=\"wp-block-heading\">Hyundai Creta<\/h2>\n\n\n\n<p><strong>Total de unidades comercializadas: 4.670<\/strong><\/p>\n\n\n\n<p>Extremamente popular entre os consumidores brasileiros, o SUV compacto da Hyundai, que segue chamando aten\u00e7\u00e3o por seu amplo espa\u00e7o interno e foco em tecnologia e seguran\u00e7a, conseguiu repetir os n\u00fameros de mar\u00e7o e, com isso, permanecer na terceira posi\u00e7\u00e3o.<\/p>\n\n\n\n<h2 class=\"wp-block-heading\">VW T-Cross<\/h2>\n\n\n\n<p><strong>Total de unidades comercializadas: 4.643<\/strong><\/p>\n\n\n\n<p>Famoso por seu alto desempenho e baixo consumo, o SUV compacto da Volkswagen sofreu queda de 13% frente ao m\u00eas anterior. Contudo, apesar disso, seu n\u00famero de vendas ainda assim foi suficiente para mant\u00ea-lo na quarta posi\u00e7\u00e3o em abril.<\/p>\n\n\n\n<h2 class=\"wp-block-heading\">Hyundai HB20<\/h2>\n\n\n\n<p><strong>Total de unidades comercializadas: 4.372<\/strong><\/p>\n\n\n\n<p>Fatores como sua reputa\u00e7\u00e3o de mercado, condi\u00e7\u00f5es comerciais atrativas e atualiza\u00e7\u00e3o nos equipamentos ajudaram o carro compacto da Hyundai a se manter no ranking dos mais vendidos em abril, mesmo diante de uma retra\u00e7\u00e3o de 19% no n\u00famero de vendas.<\/p>\n","protected":false},"excerpt":{"rendered":"<p>O setor automotivo segue aquecido neste m\u00eas de abril, uma vez que os \u00edndices de vendas de ve\u00edculos, nos mais variados segmentos, continuam em alta, confirmando a const\u00e2ncia das compras no per\u00edodo. \u00c9 importante ressaltar que, embora praticamente todos os segmentos tenham apresentado desempenho satisfat\u00f3rio, os hatchbacks compactos continuaram registrando resultados mais expressivos, sobretudo em [&hellip;]<\/p>\n","protected":false},"author":15,"featured_media":25718,"comment_status":"open","ping_status":"open","sticky":false,"template":"","format":"standard","meta":{"jnews-multi-image_gallery":[],"jnews_single_post":{"format":"standard"},"jnews_primary_category":[],"jnews_social_meta":[],"jnews_post_split":[],"footnotes":""},"categories":[1],"tags":[],"class_list":["post-25717","post","type-post","status-publish","format-standard","has-post-thumbnail","hentry","category-uncategorized"],"_links":{"self":[{"href":"https:\/\/diariodepernambuco.audiencelabs.com.br\/wp-json\/wp\/v2\/posts\/25717","targetHints":{"allow":["GET"]}}],"collection":[{"href":"https:\/\/diariodepernambuco.audiencelabs.com.br\/wp-json\/wp\/v2\/posts"}],"about":[{"href":"https:\/\/diariodepernambuco.audiencelabs.com.br\/wp-json\/wp\/v2\/types\/post"}],"author":[{"embeddable":true,"href":"https:\/\/diariodepernambuco.audiencelabs.com.br\/wp-json\/wp\/v2\/users\/15"}],"replies":[{"embeddable":true,"href":"https:\/\/diariodepernambuco.audiencelabs.com.br\/wp-json\/wp\/v2\/comments?post=25717"}],"version-history":[{"count":1,"href":"https:\/\/diariodepernambuco.audiencelabs.com.br\/wp-json\/wp\/v2\/posts\/25717\/revisions"}],"predecessor-version":[{"id":25721,"href":"https:\/\/diariodepernambuco.audiencelabs.com.br\/wp-json\/wp\/v2\/posts\/25717\/revisions\/25721"}],"wp:featuredmedia":[{"embeddable":true,"href":"https:\/\/diariodepernambuco.audiencelabs.com.br\/wp-json\/wp\/v2\/media\/25718"}],"wp:attachment":[{"href":"https:\/\/diariodepernambuco.audiencelabs.com.br\/wp-json\/wp\/v2\/media?parent=25717"}],"wp:term":[{"taxonomy":"category","embeddable":true,"href":"https:\/\/diariodepernambuco.audiencelabs.com.br\/wp-json\/wp\/v2\/categories?post=25717"},{"taxonomy":"post_tag","embeddable":true,"href":"https:\/\/diariodepernambuco.audiencelabs.com.br\/wp-json\/wp\/v2\/tags?post=25717"}],"curies":[{"name":"wp","href":"https:\/\/api.w.org\/{rel}","templated":true}]}}