{"id":25719,"date":"2026-04-24T22:59:00","date_gmt":"2026-04-25T01:59:00","guid":{"rendered":"https:\/\/diariodepernambuco.audiencelabs.com.br\/?p=25719"},"modified":"2026-04-23T18:16:27","modified_gmt":"2026-04-23T21:16:27","slug":"nova-regra-da-cnh-aprovada-exclui-motoristas-da-lista-de-aptos-a-dirigir","status":"publish","type":"post","link":"https:\/\/diariodepernambuco.audiencelabs.com.br\/nova-regra-da-cnh-aprovada-exclui-motoristas-da-lista-de-aptos-a-dirigir\/","title":{"rendered":"Nova regra da CNH aprovada exclui motoristas da lista de aptos a dirigir"},"content":{"rendered":"\n<p>A renova\u00e7\u00e3o da Carteira Nacional de Habilita\u00e7\u00e3o (CNH) passou por uma mudan\u00e7a importante e trouxe um sistema mais automatizado para alguns motoristas, ao mesmo tempo em que estabelece novas restri\u00e7\u00f5es para outros grupos.<\/p>\n\n\n\n<p>O novo modelo <strong>prioriza motoristas considerados de baixo risco<\/strong>, permitindo que aqueles sem multas registradas no \u00faltimo ano fa\u00e7am a renova\u00e7\u00e3o da CNH de forma autom\u00e1tica, sem necessidade de pagar taxas ou passar por exame m\u00e9dico.<\/p>\n\n\n\n<p>Mesmo com a facilidade, nem todos tem acesso e ficam de fora da renova\u00e7\u00e3o autom\u00e1tica. Fazem parte desse grupo <strong>motoristas com 70 anos ou mais<\/strong>, que precisam obrigatoriamente passar por avalia\u00e7\u00e3o m\u00e9dica presencial, e aqueles que <strong>tiveram a validade da CNH reduzida por recomenda\u00e7\u00e3o m\u00e9dica<\/strong>.<\/p>\n\n\n\n<p>Al\u00e9m disso, condutores entre 50 e 69 anos podem usar esse modelo apenas uma \u00fanica vez, sem possibilidade de repeti\u00e7\u00e3o, e qualquer infra\u00e7\u00e3o registrada no \u00faltimo ano impede a renova\u00e7\u00e3o autom\u00e1tica.<\/p>\n\n\n\n<h2 class=\"wp-block-heading\">Validade e exig\u00eancias<\/h2>\n\n\n\n<p>Para motoristas mais velhos que ainda s\u00e3o considerados aptos ap\u00f3s avalia\u00e7\u00e3o, a validade da habilita\u00e7\u00e3o passa a ser de <strong>tr\u00eas anos<\/strong>, o que faz com que esses condutores precisem passar por avalia\u00e7\u00f5es m\u00e9dicas com mais frequ\u00eancia.<\/p>\n\n\n\n<h2 class=\"wp-block-heading\">Objetivo da mudan\u00e7a<\/h2>\n\n\n\n<p>A regra, criada pela Medida Provis\u00f3ria n\u00ba 1.327\/2025 e j\u00e1 aplicada neste ano, busca manter a praticidade e a seguran\u00e7a no tr\u00e2nsito, facilitando a vida de motoristas com bom hist\u00f3rico, ao mesmo tempo em que mant\u00e9m um controle mais rigoroso sobre grupos que exigem acompanhamento.<\/p>\n","protected":false},"excerpt":{"rendered":"<p>A renova\u00e7\u00e3o da Carteira Nacional de Habilita\u00e7\u00e3o (CNH) passou por uma mudan\u00e7a importante e trouxe um sistema mais automatizado para alguns motoristas, ao mesmo tempo em que estabelece novas restri\u00e7\u00f5es para outros grupos. O novo modelo prioriza motoristas considerados de baixo risco, permitindo que aqueles sem multas registradas no \u00faltimo ano fa\u00e7am a renova\u00e7\u00e3o da [&hellip;]<\/p>\n","protected":false},"author":17,"featured_media":20686,"comment_status":"open","ping_status":"open","sticky":false,"template":"","format":"standard","meta":{"jnews-multi-image_gallery":[],"jnews_single_post":{"format":"standard"},"jnews_primary_category":[],"jnews_social_meta":[],"jnews_post_split":[],"footnotes":""},"categories":[1],"tags":[],"class_list":["post-25719","post","type-post","status-publish","format-standard","has-post-thumbnail","hentry","category-uncategorized"],"_links":{"self":[{"href":"https:\/\/diariodepernambuco.audiencelabs.com.br\/wp-json\/wp\/v2\/posts\/25719","targetHints":{"allow":["GET"]}}],"collection":[{"href":"https:\/\/diariodepernambuco.audiencelabs.com.br\/wp-json\/wp\/v2\/posts"}],"about":[{"href":"https:\/\/diariodepernambuco.audiencelabs.com.br\/wp-json\/wp\/v2\/types\/post"}],"author":[{"embeddable":true,"href":"https:\/\/diariodepernambuco.audiencelabs.com.br\/wp-json\/wp\/v2\/users\/17"}],"replies":[{"embeddable":true,"href":"https:\/\/diariodepernambuco.audiencelabs.com.br\/wp-json\/wp\/v2\/comments?post=25719"}],"version-history":[{"count":2,"href":"https:\/\/diariodepernambuco.audiencelabs.com.br\/wp-json\/wp\/v2\/posts\/25719\/revisions"}],"predecessor-version":[{"id":25722,"href":"https:\/\/diariodepernambuco.audiencelabs.com.br\/wp-json\/wp\/v2\/posts\/25719\/revisions\/25722"}],"wp:featuredmedia":[{"embeddable":true,"href":"https:\/\/diariodepernambuco.audiencelabs.com.br\/wp-json\/wp\/v2\/media\/20686"}],"wp:attachment":[{"href":"https:\/\/diariodepernambuco.audiencelabs.com.br\/wp-json\/wp\/v2\/media?parent=25719"}],"wp:term":[{"taxonomy":"category","embeddable":true,"href":"https:\/\/diariodepernambuco.audiencelabs.com.br\/wp-json\/wp\/v2\/categories?post=25719"},{"taxonomy":"post_tag","embeddable":true,"href":"https:\/\/diariodepernambuco.audiencelabs.com.br\/wp-json\/wp\/v2\/tags?post=25719"}],"curies":[{"name":"wp","href":"https:\/\/api.w.org\/{rel}","templated":true}]}}