{"id":25724,"date":"2026-04-26T17:20:00","date_gmt":"2026-04-26T20:20:00","guid":{"rendered":"https:\/\/diariodepernambuco.audiencelabs.com.br\/?p=25724"},"modified":"2026-04-23T18:33:05","modified_gmt":"2026-04-23T21:33:05","slug":"lamine-yamal-esta-fora-da-copa-do-mundo-barcelona-confirmou","status":"publish","type":"post","link":"https:\/\/diariodepernambuco.audiencelabs.com.br\/lamine-yamal-esta-fora-da-copa-do-mundo-barcelona-confirmou\/","title":{"rendered":"Lamine Yamal est\u00e1 fora da Copa do Mundo? Barcelona confirmou"},"content":{"rendered":"\n<p>O Barcelona confirmou uma not\u00edcia que preocupou torcedores e a sele\u00e7\u00e3o espanhola: Lamine Yamal est\u00e1 fora do restante da temporada europeia ap\u00f3s sofrer uma les\u00e3o na coxa esquerda. O atacante sentiu o problema durante partida contra o Celta de Vigo, logo ap\u00f3s marcar um gol de p\u00eanalti. Exames m\u00e9dicos detectaram les\u00e3o no m\u00fasculo b\u00edceps femoral.<\/p>\n\n\n\n<p>Com isso, ele n\u00e3o volta a jogar pelo clube na atual temporada europeia. Apesar do susto inicial, o comunicado oficial trouxe um al\u00edvio importante. O Barcelona deixou claro que o jogador seguir\u00e1 tratamento conservador, sem necessidade de cirurgia. Al\u00e9m disso, o clube afirmou que a expectativa \u00e9 positiva para sua recupera\u00e7\u00e3o.<\/p>\n\n\n<div class=\"wp-block-image\">\n<figure class=\"aligncenter size-full is-resized\"><img loading=\"lazy\" decoding=\"async\" width=\"984\" height=\"669\" src=\"https:\/\/diariodepernambuco.audiencelabs.com.br\/wp-content\/uploads\/2026\/04\/Yamal-machucado.avif\" alt=\"\" class=\"wp-image-25728\" style=\"aspect-ratio:1.4708826092368978;width:650px;height:auto\" srcset=\"https:\/\/diariodepernambuco.audiencelabs.com.br\/wp-content\/uploads\/2026\/04\/Yamal-machucado.avif 984w, https:\/\/diariodepernambuco.audiencelabs.com.br\/wp-content\/uploads\/2026\/04\/Yamal-machucado-300x204.avif 300w, https:\/\/diariodepernambuco.audiencelabs.com.br\/wp-content\/uploads\/2026\/04\/Yamal-machucado-768x522.avif 768w, https:\/\/diariodepernambuco.audiencelabs.com.br\/wp-content\/uploads\/2026\/04\/Yamal-machucado-750x510.avif 750w\" sizes=\"auto, (max-width: 984px) 100vw, 984px\" \/><figcaption class=\"wp-element-caption\">Lamine Yamal se machuca em partida contra o Celta de Vigo \u2014 Foto: Reuters<\/figcaption><\/figure>\n<\/div>\n\n\n<p>A frase-chave foi direta: ele \u201cdever\u00e1 estar apto a tempo de disputar a Copa do Mundo\u201d. Ou seja, Yamal n\u00e3o est\u00e1 fora do Mundial. Mesmo perdendo os jogos finais da temporada, a previs\u00e3o m\u00e9dica indica que ele ter\u00e1 tempo suficiente para se recuperar. O torneio come\u00e7a apenas em junho, o que amplia a margem de recupera\u00e7\u00e3o.<\/p>\n\n\n\n<p>A situa\u00e7\u00e3o, no entanto, ainda exige cautela. Les\u00f5es musculares podem variar na recupera\u00e7\u00e3o e exigem controle de carga e ritmo. Ainda assim, o cen\u00e1rio atual \u00e9 positivo para a sele\u00e7\u00e3o da Espanha. Yamal segue nos planos e deve ser presen\u00e7a na Copa, desde que cumpra todas as etapas do tratamento.<\/p>\n\n\n\n<h2 class=\"wp-block-heading\">Yamal lamenta les\u00e3o e revela frustra\u00e7\u00e3o com fim precoce da temporada<\/h2>\n\n\n\n<p>Ap\u00f3s a confirma\u00e7\u00e3o da les\u00e3o, Yamal se manifestou e n\u00e3o escondeu a frustra\u00e7\u00e3o por ficar fora de um momento decisivo da temporada. O jovem atacante destacou que \u201cd\u00f3i n\u00e3o poder lutar\u201d ao lado dos companheiros neste per\u00edodo final. A declara\u00e7\u00e3o mostra o peso emocional da aus\u00eancia, especialmente em um ano importante.<\/p>\n\n\n\n<p>Mesmo abatido, o jogador tamb\u00e9m adotou um discurso otimista. Ele refor\u00e7ou que pretende voltar ainda mais forte e seguir ajudando o time no futuro. A mensagem foi vista como sinal de maturidade diante da situa\u00e7\u00e3o. Agora, o foco total est\u00e1 na recupera\u00e7\u00e3o visando a Copa do Mundo.<\/p>\n\n\n\n<p><\/p>\n","protected":false},"excerpt":{"rendered":"<p>O Barcelona confirmou uma not\u00edcia que preocupou torcedores e a sele\u00e7\u00e3o espanhola: Lamine Yamal est\u00e1 fora do restante da temporada europeia ap\u00f3s sofrer uma les\u00e3o na coxa esquerda. O atacante sentiu o problema durante partida contra o Celta de Vigo, logo ap\u00f3s marcar um gol de p\u00eanalti. Exames m\u00e9dicos detectaram les\u00e3o no m\u00fasculo b\u00edceps femoral. [&hellip;]<\/p>\n","protected":false},"author":4,"featured_media":25727,"comment_status":"open","ping_status":"open","sticky":false,"template":"","format":"standard","meta":{"jnews-multi-image_gallery":[],"jnews_single_post":{"format":"standard"},"jnews_primary_category":[],"jnews_social_meta":[],"jnews_post_split":[],"footnotes":""},"categories":[1],"tags":[],"class_list":["post-25724","post","type-post","status-publish","format-standard","has-post-thumbnail","hentry","category-uncategorized"],"_links":{"self":[{"href":"https:\/\/diariodepernambuco.audiencelabs.com.br\/wp-json\/wp\/v2\/posts\/25724","targetHints":{"allow":["GET"]}}],"collection":[{"href":"https:\/\/diariodepernambuco.audiencelabs.com.br\/wp-json\/wp\/v2\/posts"}],"about":[{"href":"https:\/\/diariodepernambuco.audiencelabs.com.br\/wp-json\/wp\/v2\/types\/post"}],"author":[{"embeddable":true,"href":"https:\/\/diariodepernambuco.audiencelabs.com.br\/wp-json\/wp\/v2\/users\/4"}],"replies":[{"embeddable":true,"href":"https:\/\/diariodepernambuco.audiencelabs.com.br\/wp-json\/wp\/v2\/comments?post=25724"}],"version-history":[{"count":2,"href":"https:\/\/diariodepernambuco.audiencelabs.com.br\/wp-json\/wp\/v2\/posts\/25724\/revisions"}],"predecessor-version":[{"id":25729,"href":"https:\/\/diariodepernambuco.audiencelabs.com.br\/wp-json\/wp\/v2\/posts\/25724\/revisions\/25729"}],"wp:featuredmedia":[{"embeddable":true,"href":"https:\/\/diariodepernambuco.audiencelabs.com.br\/wp-json\/wp\/v2\/media\/25727"}],"wp:attachment":[{"href":"https:\/\/diariodepernambuco.audiencelabs.com.br\/wp-json\/wp\/v2\/media?parent=25724"}],"wp:term":[{"taxonomy":"category","embeddable":true,"href":"https:\/\/diariodepernambuco.audiencelabs.com.br\/wp-json\/wp\/v2\/categories?post=25724"},{"taxonomy":"post_tag","embeddable":true,"href":"https:\/\/diariodepernambuco.audiencelabs.com.br\/wp-json\/wp\/v2\/tags?post=25724"}],"curies":[{"name":"wp","href":"https:\/\/api.w.org\/{rel}","templated":true}]}}