{"id":25730,"date":"2026-04-25T21:39:00","date_gmt":"2026-04-26T00:39:00","guid":{"rendered":"https:\/\/diariodepernambuco.audiencelabs.com.br\/?p=25730"},"modified":"2026-04-23T18:38:39","modified_gmt":"2026-04-23T21:38:39","slug":"lei-aprovada-confirma-salario-minimo-de-r-2-100-no-brasil","status":"publish","type":"post","link":"https:\/\/diariodepernambuco.audiencelabs.com.br\/lei-aprovada-confirma-salario-minimo-de-r-2-100-no-brasil\/","title":{"rendered":"Lei aprovada confirma sal\u00e1rio m\u00ednimo de R$ 2.100 no Brasil"},"content":{"rendered":"\n<p>Uma nova lei aprovada em Santa Catarina chamou aten\u00e7\u00e3o ao estabelecer um sal\u00e1rio m\u00ednimo regional que pode chegar a R$ 2.106 em 2026. O valor colocou o estado entre os maiores pisos salariais do pa\u00eds, atr\u00e1s apenas de S\u00e3o Paulo. A medida foi sancionada ap\u00f3s acordo entre representantes de trabalhadores e empregadores.<\/p>\n\n\n\n<p>\u00c9 importante destacar que esse valor n\u00e3o \u00e9 v\u00e1lido para todo o pa\u00eds. O sal\u00e1rio m\u00ednimo nacional continua fixado em R$ 1.621 em 2026, servindo como base obrigat\u00f3ria em todo o territ\u00f3rio brasileiro. J\u00e1 o piso catarinense se aplica apenas a categorias espec\u00edficas dentro do estado. Ainda assim, os n\u00fameros chamam aten\u00e7\u00e3o pela diferen\u00e7a em rela\u00e7\u00e3o ao valor federal.<\/p>\n\n\n\n<p>O novo piso regional de Santa Catarina \u00e9 dividido em faixas salariais, variando conforme a atividade profissional. Em algumas categorias, o valor ultrapassa os R$ 2 mil, chegando ao teto de R$ 2.106. Esse modelo busca adequar os sal\u00e1rios ao custo de vida e \u00e0s caracter\u00edsticas econ\u00f4micas locais. E acaba elevando o poder de compra de trabalhadores dessas \u00e1reas.<\/p>\n\n\n\n<p>Com isso, Santa Catarina se consolida como um dos estados com maior valoriza\u00e7\u00e3o salarial no Brasil. A medida tamb\u00e9m reacende o debate sobre poss\u00edveis mudan\u00e7as no sal\u00e1rio m\u00ednimo nacional. Por enquanto, no entanto, o valor federal segue inalterado. E os pisos regionais continuam sendo uma exce\u00e7\u00e3o aplicada em poucos estados.<\/p>\n\n\n\n<h2 class=\"wp-block-heading\">Diferen\u00e7a entre piso regional e sal\u00e1rio m\u00ednimo nacional gera d\u00favidas<\/h2>\n\n\n\n<p>Os sal\u00e1rios m\u00ednimos regionais s\u00e3o definidos pelos governos estaduais e valem apenas para determinadas categorias. Eles costumam ser mais altos que o piso nacional e variam conforme o setor de atua\u00e7\u00e3o. Isso explica por que valores acima de R$ 2.100 aparecem em algumas not\u00edcias.<\/p>\n\n\n\n<p>J\u00e1 o sal\u00e1rio m\u00ednimo nacional \u00e9 estabelecido pelo governo federal e serve como base para todo o pa\u00eds. Ele impacta benef\u00edcios como aposentadorias e seguro-desemprego. Por isso, mesmo com pisos regionais mais altos, a maioria dos trabalhadores segue vinculada ao valor nacional.<\/p>\n\n\n\n<p><\/p>\n","protected":false},"excerpt":{"rendered":"<p>Uma nova lei aprovada em Santa Catarina chamou aten\u00e7\u00e3o ao estabelecer um sal\u00e1rio m\u00ednimo regional que pode chegar a R$ 2.106 em 2026. O valor colocou o estado entre os maiores pisos salariais do pa\u00eds, atr\u00e1s apenas de S\u00e3o Paulo. A medida foi sancionada ap\u00f3s acordo entre representantes de trabalhadores e empregadores. \u00c9 importante destacar [&hellip;]<\/p>\n","protected":false},"author":4,"featured_media":1536,"comment_status":"open","ping_status":"open","sticky":false,"template":"","format":"standard","meta":{"jnews-multi-image_gallery":[],"jnews_single_post":{"format":"standard"},"jnews_primary_category":[],"jnews_social_meta":[],"jnews_post_split":[],"footnotes":""},"categories":[1],"tags":[],"class_list":["post-25730","post","type-post","status-publish","format-standard","has-post-thumbnail","hentry","category-uncategorized"],"_links":{"self":[{"href":"https:\/\/diariodepernambuco.audiencelabs.com.br\/wp-json\/wp\/v2\/posts\/25730","targetHints":{"allow":["GET"]}}],"collection":[{"href":"https:\/\/diariodepernambuco.audiencelabs.com.br\/wp-json\/wp\/v2\/posts"}],"about":[{"href":"https:\/\/diariodepernambuco.audiencelabs.com.br\/wp-json\/wp\/v2\/types\/post"}],"author":[{"embeddable":true,"href":"https:\/\/diariodepernambuco.audiencelabs.com.br\/wp-json\/wp\/v2\/users\/4"}],"replies":[{"embeddable":true,"href":"https:\/\/diariodepernambuco.audiencelabs.com.br\/wp-json\/wp\/v2\/comments?post=25730"}],"version-history":[{"count":3,"href":"https:\/\/diariodepernambuco.audiencelabs.com.br\/wp-json\/wp\/v2\/posts\/25730\/revisions"}],"predecessor-version":[{"id":25734,"href":"https:\/\/diariodepernambuco.audiencelabs.com.br\/wp-json\/wp\/v2\/posts\/25730\/revisions\/25734"}],"wp:featuredmedia":[{"embeddable":true,"href":"https:\/\/diariodepernambuco.audiencelabs.com.br\/wp-json\/wp\/v2\/media\/1536"}],"wp:attachment":[{"href":"https:\/\/diariodepernambuco.audiencelabs.com.br\/wp-json\/wp\/v2\/media?parent=25730"}],"wp:term":[{"taxonomy":"category","embeddable":true,"href":"https:\/\/diariodepernambuco.audiencelabs.com.br\/wp-json\/wp\/v2\/categories?post=25730"},{"taxonomy":"post_tag","embeddable":true,"href":"https:\/\/diariodepernambuco.audiencelabs.com.br\/wp-json\/wp\/v2\/tags?post=25730"}],"curies":[{"name":"wp","href":"https:\/\/api.w.org\/{rel}","templated":true}]}}