{"id":25791,"date":"2026-04-27T12:15:00","date_gmt":"2026-04-27T15:15:00","guid":{"rendered":"https:\/\/diariodepernambuco.audiencelabs.com.br\/?p=25791"},"modified":"2026-04-24T10:10:21","modified_gmt":"2026-04-24T13:10:21","slug":"passo-a-passo-como-emitir-carteira-do-idoso","status":"publish","type":"post","link":"https:\/\/diariodepernambuco.audiencelabs.com.br\/passo-a-passo-como-emitir-carteira-do-idoso\/","title":{"rendered":"Passo a passo: como emitir carteira do idoso"},"content":{"rendered":"\n<p>A Carteira da Pessoa Idosa \u00e9 um dos principais benef\u00edcios garantidos a idosos de baixa renda no Brasil, permitindo viagens interestaduais gratuitas ou com desconto. O documento \u00e9 voltado para pessoas com 60 anos ou mais, inscritas no Cadastro \u00danico e com renda individual de at\u00e9 dois sal\u00e1rios m\u00ednimos.<\/p>\n\n\n\n<p>A emiss\u00e3o pode ser feita de forma simples, principalmente pela internet. O primeiro passo \u00e9 acessar o site oficial do governo e clicar na op\u00e7\u00e3o \u201cEmitir Carteira\u201d. Em seguida, o usu\u00e1rio deve fazer login com a conta Gov.br e seguir as instru\u00e7\u00f5es para gerar o documento, que pode ser baixado ou impresso.<\/p>\n\n\n\n<p>Para quem n\u00e3o tem acesso \u00e0 internet ou encontra dificuldades, tamb\u00e9m \u00e9 poss\u00edvel solicitar a carteira presencialmente em uma unidade do CRAS (Centro de Refer\u00eancia da Assist\u00eancia Social). No local, o idoso pode atualizar seus dados no Cad\u00danico e pedir ajuda para emitir o documento.<\/p>\n\n\n\n<p>Vale lembrar que a carteira n\u00e3o \u00e9 vital\u00edcia e precisa estar com os dados atualizados. Caso o cadastro esteja desatualizado, ser\u00e1 necess\u00e1rio regularizar as informa\u00e7\u00f5es antes de solicitar ou renovar o documento, garantindo assim o acesso cont\u00ednuo ao benef\u00edcio.<\/p>\n\n\n\n<h2 class=\"wp-block-heading\">Documento garante viagens gratuitas e descontos para idosos<\/h2>\n\n\n\n<p>Com a Carteira da Pessoa Idosa, o benefici\u00e1rio tem direito a duas vagas gratuitas por ve\u00edculo em viagens interestaduais. Caso essas vagas j\u00e1 estejam preenchidas, ainda \u00e9 garantido um desconto m\u00ednimo de 50% no valor da passagem, conforme determina a legisla\u00e7\u00e3o vigente.<\/p>\n\n\n\n<p>Al\u00e9m disso, o documento funciona como uma forma oficial de comprova\u00e7\u00e3o de renda e acesso a direitos previstos no Estatuto do Idoso. Por isso, manter a carteira atualizada \u00e9 essencial para garantir benef\u00edcios e facilitar o acesso a servi\u00e7os em todo o pa\u00eds.<\/p>\n\n\n\n<p><\/p>\n","protected":false},"excerpt":{"rendered":"<p>A Carteira da Pessoa Idosa \u00e9 um dos principais benef\u00edcios garantidos a idosos de baixa renda no Brasil, permitindo viagens interestaduais gratuitas ou com desconto. O documento \u00e9 voltado para pessoas com 60 anos ou mais, inscritas no Cadastro \u00danico e com renda individual de at\u00e9 dois sal\u00e1rios m\u00ednimos. A emiss\u00e3o pode ser feita de [&hellip;]<\/p>\n","protected":false},"author":4,"featured_media":25794,"comment_status":"open","ping_status":"open","sticky":false,"template":"","format":"standard","meta":{"jnews-multi-image_gallery":[],"jnews_single_post":{"format":"standard"},"jnews_primary_category":[],"jnews_social_meta":[],"jnews_post_split":[],"footnotes":""},"categories":[1],"tags":[],"class_list":["post-25791","post","type-post","status-publish","format-standard","has-post-thumbnail","hentry","category-uncategorized"],"_links":{"self":[{"href":"https:\/\/diariodepernambuco.audiencelabs.com.br\/wp-json\/wp\/v2\/posts\/25791","targetHints":{"allow":["GET"]}}],"collection":[{"href":"https:\/\/diariodepernambuco.audiencelabs.com.br\/wp-json\/wp\/v2\/posts"}],"about":[{"href":"https:\/\/diariodepernambuco.audiencelabs.com.br\/wp-json\/wp\/v2\/types\/post"}],"author":[{"embeddable":true,"href":"https:\/\/diariodepernambuco.audiencelabs.com.br\/wp-json\/wp\/v2\/users\/4"}],"replies":[{"embeddable":true,"href":"https:\/\/diariodepernambuco.audiencelabs.com.br\/wp-json\/wp\/v2\/comments?post=25791"}],"version-history":[{"count":3,"href":"https:\/\/diariodepernambuco.audiencelabs.com.br\/wp-json\/wp\/v2\/posts\/25791\/revisions"}],"predecessor-version":[{"id":25796,"href":"https:\/\/diariodepernambuco.audiencelabs.com.br\/wp-json\/wp\/v2\/posts\/25791\/revisions\/25796"}],"wp:featuredmedia":[{"embeddable":true,"href":"https:\/\/diariodepernambuco.audiencelabs.com.br\/wp-json\/wp\/v2\/media\/25794"}],"wp:attachment":[{"href":"https:\/\/diariodepernambuco.audiencelabs.com.br\/wp-json\/wp\/v2\/media?parent=25791"}],"wp:term":[{"taxonomy":"category","embeddable":true,"href":"https:\/\/diariodepernambuco.audiencelabs.com.br\/wp-json\/wp\/v2\/categories?post=25791"},{"taxonomy":"post_tag","embeddable":true,"href":"https:\/\/diariodepernambuco.audiencelabs.com.br\/wp-json\/wp\/v2\/tags?post=25791"}],"curies":[{"name":"wp","href":"https:\/\/api.w.org\/{rel}","templated":true}]}}