{"id":25803,"date":"2026-04-27T14:15:00","date_gmt":"2026-04-27T17:15:00","guid":{"rendered":"https:\/\/diariodepernambuco.audiencelabs.com.br\/?p=25803"},"modified":"2026-04-24T10:20:26","modified_gmt":"2026-04-24T13:20:26","slug":"10-carros-mais-vendidos-do-brasil-em-abril-de-2026","status":"publish","type":"post","link":"https:\/\/diariodepernambuco.audiencelabs.com.br\/10-carros-mais-vendidos-do-brasil-em-abril-de-2026\/","title":{"rendered":"10 carros mais vendidos do Brasil em abril de 2026"},"content":{"rendered":"\n<p>O mercado automotivo brasileiro segue bastante competitivo em abril de 2026, com mudan\u00e7as constantes nas posi\u00e7\u00f5es e disputa acirrada entre hatchs, SUVs e at\u00e9 el\u00e9tricos. Dados parciais do m\u00eas mostram que modelos tradicionais continuam fortes, mas novas tend\u00eancias come\u00e7am a ganhar espa\u00e7o, especialmente com a presen\u00e7a crescente de ve\u00edculos eletrificados no ranking.<\/p>\n\n\n\n<p>Entre os destaques, o Hyundai Creta aparece entre os l\u00edderes do per\u00edodo, mostrando a for\u00e7a dos SUVs no Brasil. Logo atr\u00e1s, modelos como Volkswagen Polo e Fiat Argo seguem como op\u00e7\u00f5es populares, refor\u00e7ando o equil\u00edbrio entre diferentes categorias no topo da lista.<\/p>\n\n\n\n<p>Com base nos dados mais recentes de abril, o ranking dos carros mais vendidos inclui nomes j\u00e1 consolidados e algumas surpresas. Confira o Top 10:<\/p>\n\n\n\n<ol class=\"wp-block-list\">\n<li>Hyundai Creta<\/li>\n\n\n\n<li>Volkswagen Polo<\/li>\n\n\n\n<li>Fiat Argo<\/li>\n\n\n\n<li>Volkswagen T-Cross<\/li>\n\n\n\n<li>Hyundai HB20<\/li>\n\n\n\n<li>Volkswagen Tera<\/li>\n\n\n\n<li>BYD Dolphin Mini<\/li>\n\n\n\n<li>Renault Kwid<\/li>\n\n\n\n<li>BYD Song<\/li>\n\n\n\n<li>Chevrolet Tracker<\/li>\n<\/ol>\n\n\n\n<p>Outro ponto que chama aten\u00e7\u00e3o \u00e9 o avan\u00e7o dos carros eletrificados, como os modelos da BYD, que j\u00e1 aparecem entre os mais vendidos do pa\u00eds. Esse movimento indica uma mudan\u00e7a no comportamento do consumidor brasileiro, que come\u00e7a a considerar mais op\u00e7\u00f5es sustent\u00e1veis e tecnol\u00f3gicas no momento da compra.<\/p>\n\n\n\n<h2 class=\"wp-block-heading\">SUVs dominam ranking e eletrificados ganham espa\u00e7o<\/h2>\n\n\n\n<p>A presen\u00e7a de modelos como Hyundai Creta e Volkswagen T-Cross no topo refor\u00e7a a prefer\u00eancia dos brasileiros por SUVs, que oferecem maior altura, espa\u00e7o interno e sensa\u00e7\u00e3o de seguran\u00e7a. Esse segmento segue em expans\u00e3o e lidera boa parte das vendas no pa\u00eds.<\/p>\n\n\n\n<p>Ao mesmo tempo, a entrada de carros como BYD Dolphin Mini e BYD Song mostra que o mercado est\u00e1 mudando. A eletrifica\u00e7\u00e3o come\u00e7a a ganhar for\u00e7a no Brasil, indicando que os pr\u00f3ximos anos podem trazer uma transforma\u00e7\u00e3o ainda maior no perfil dos ve\u00edculos mais vendidos.<\/p>\n\n\n\n<p><\/p>\n","protected":false},"excerpt":{"rendered":"<p>O mercado automotivo brasileiro segue bastante competitivo em abril de 2026, com mudan\u00e7as constantes nas posi\u00e7\u00f5es e disputa acirrada entre hatchs, SUVs e at\u00e9 el\u00e9tricos. Dados parciais do m\u00eas mostram que modelos tradicionais continuam fortes, mas novas tend\u00eancias come\u00e7am a ganhar espa\u00e7o, especialmente com a presen\u00e7a crescente de ve\u00edculos eletrificados no ranking. Entre os destaques, [&hellip;]<\/p>\n","protected":false},"author":4,"featured_media":22921,"comment_status":"open","ping_status":"open","sticky":false,"template":"","format":"standard","meta":{"jnews-multi-image_gallery":[],"jnews_single_post":{"format":"standard"},"jnews_primary_category":[],"jnews_social_meta":[],"jnews_post_split":[],"footnotes":""},"categories":[1],"tags":[],"class_list":["post-25803","post","type-post","status-publish","format-standard","has-post-thumbnail","hentry","category-uncategorized"],"_links":{"self":[{"href":"https:\/\/diariodepernambuco.audiencelabs.com.br\/wp-json\/wp\/v2\/posts\/25803","targetHints":{"allow":["GET"]}}],"collection":[{"href":"https:\/\/diariodepernambuco.audiencelabs.com.br\/wp-json\/wp\/v2\/posts"}],"about":[{"href":"https:\/\/diariodepernambuco.audiencelabs.com.br\/wp-json\/wp\/v2\/types\/post"}],"author":[{"embeddable":true,"href":"https:\/\/diariodepernambuco.audiencelabs.com.br\/wp-json\/wp\/v2\/users\/4"}],"replies":[{"embeddable":true,"href":"https:\/\/diariodepernambuco.audiencelabs.com.br\/wp-json\/wp\/v2\/comments?post=25803"}],"version-history":[{"count":2,"href":"https:\/\/diariodepernambuco.audiencelabs.com.br\/wp-json\/wp\/v2\/posts\/25803\/revisions"}],"predecessor-version":[{"id":25806,"href":"https:\/\/diariodepernambuco.audiencelabs.com.br\/wp-json\/wp\/v2\/posts\/25803\/revisions\/25806"}],"wp:featuredmedia":[{"embeddable":true,"href":"https:\/\/diariodepernambuco.audiencelabs.com.br\/wp-json\/wp\/v2\/media\/22921"}],"wp:attachment":[{"href":"https:\/\/diariodepernambuco.audiencelabs.com.br\/wp-json\/wp\/v2\/media?parent=25803"}],"wp:term":[{"taxonomy":"category","embeddable":true,"href":"https:\/\/diariodepernambuco.audiencelabs.com.br\/wp-json\/wp\/v2\/categories?post=25803"},{"taxonomy":"post_tag","embeddable":true,"href":"https:\/\/diariodepernambuco.audiencelabs.com.br\/wp-json\/wp\/v2\/tags?post=25803"}],"curies":[{"name":"wp","href":"https:\/\/api.w.org\/{rel}","templated":true}]}}