{"id":25807,"date":"2026-04-27T15:29:00","date_gmt":"2026-04-27T18:29:00","guid":{"rendered":"https:\/\/diariodepernambuco.audiencelabs.com.br\/?p=25807"},"modified":"2026-04-24T10:23:28","modified_gmt":"2026-04-24T13:23:28","slug":"novo-byd-custa-menos-de-r-100-000-e-ja-esta-matando-a-concorrencia","status":"publish","type":"post","link":"https:\/\/diariodepernambuco.audiencelabs.com.br\/novo-byd-custa-menos-de-r-100-000-e-ja-esta-matando-a-concorrencia\/","title":{"rendered":"Novo BYD custa menos de R$ 100.000 e j\u00e1 est\u00e1 matando a concorr\u00eancia"},"content":{"rendered":"\n<p>A BYD voltou a chamar aten\u00e7\u00e3o no mercado automotivo ao lan\u00e7ar modelos com pre\u00e7os extremamente competitivos em alguns mercados, chegando \u00e0 faixa abaixo de R$ 100 mil em convers\u00f5es internacionais. Um dos destaques \u00e9 o BYD Song Pro, que combina tecnologia h\u00edbrida com consumo impressionante, tornando-se uma verdadeira \u201cdor de cabe\u00e7a\u201d para empresas de combust\u00edvel e concorrentes tradicionais.<\/p>\n\n\n\n<p>O modelo se destaca principalmente pela efici\u00eancia energ\u00e9tica. Equipado com sistema h\u00edbrido plug-in, o SUV consegue atingir m\u00e9dias de consumo muito elevadas, podendo ultrapassar os 30 km\/l em condi\u00e7\u00f5es ideais, algo que o coloca entre os carros mais econ\u00f4micos da categoria. Esse desempenho reduz drasticamente o gasto com combust\u00edvel e aumenta ainda mais sua atratividade no mercado.<\/p>\n\n\n\n<p>Outro ponto forte do BYD Song Pro \u00e9 o pacote tecnol\u00f3gico. O carro conta com recursos como piloto autom\u00e1tico adaptativo, assistente de perman\u00eancia em faixa, sensores avan\u00e7ados e at\u00e9 integra\u00e7\u00e3o com dispositivos m\u00f3veis por chave digital, al\u00e9m da bateria Blade, conhecida pela alta seguran\u00e7a e durabilidade.<\/p>\n\n\n\n<p>Mesmo com toda essa tecnologia, o grande diferencial continua sendo o custo-benef\u00edcio. Em mercados internacionais, o modelo chega a pre\u00e7os muito abaixo dos praticados no Brasil, o que aumenta ainda mais a press\u00e3o sobre concorrentes e at\u00e9 sobre o setor de combust\u00edveis, j\u00e1 que ve\u00edculos h\u00edbridos e el\u00e9tricos reduzem significativamente o consumo de gasolina.<\/p>\n\n\n\n<h2 class=\"wp-block-heading\">Economia de combust\u00edvel e tecnologia impulsionam modelo<\/h2>\n\n\n\n<p>O avan\u00e7o da BYD mostra como o setor automotivo est\u00e1 passando por uma transforma\u00e7\u00e3o acelerada, com ve\u00edculos cada vez mais eficientes e acess\u00edveis. Modelos como o BYD Song Pro ganham destaque justamente por oferecerem alto n\u00edvel de tecnologia aliado a baixo custo operacional.<\/p>\n\n\n\n<p>Com isso, montadoras tradicionais e at\u00e9 gigantes do setor de energia passam a sentir os efeitos dessa mudan\u00e7a. A tend\u00eancia \u00e9 que carros h\u00edbridos e el\u00e9tricos continuem ganhando espa\u00e7o, tornando-se protagonistas nos pr\u00f3ximos anos e elevando ainda mais a competitividade no mercado global.<\/p>\n\n\n\n<p><\/p>\n","protected":false},"excerpt":{"rendered":"<p>A BYD voltou a chamar aten\u00e7\u00e3o no mercado automotivo ao lan\u00e7ar modelos com pre\u00e7os extremamente competitivos em alguns mercados, chegando \u00e0 faixa abaixo de R$ 100 mil em convers\u00f5es internacionais. Um dos destaques \u00e9 o BYD Song Pro, que combina tecnologia h\u00edbrida com consumo impressionante, tornando-se uma verdadeira \u201cdor de cabe\u00e7a\u201d para empresas de combust\u00edvel [&hellip;]<\/p>\n","protected":false},"author":4,"featured_media":19915,"comment_status":"open","ping_status":"open","sticky":false,"template":"","format":"standard","meta":{"jnews-multi-image_gallery":[],"jnews_single_post":{"format":"standard"},"jnews_primary_category":[],"jnews_social_meta":[],"jnews_post_split":[],"footnotes":""},"categories":[1],"tags":[],"class_list":["post-25807","post","type-post","status-publish","format-standard","has-post-thumbnail","hentry","category-uncategorized"],"_links":{"self":[{"href":"https:\/\/diariodepernambuco.audiencelabs.com.br\/wp-json\/wp\/v2\/posts\/25807","targetHints":{"allow":["GET"]}}],"collection":[{"href":"https:\/\/diariodepernambuco.audiencelabs.com.br\/wp-json\/wp\/v2\/posts"}],"about":[{"href":"https:\/\/diariodepernambuco.audiencelabs.com.br\/wp-json\/wp\/v2\/types\/post"}],"author":[{"embeddable":true,"href":"https:\/\/diariodepernambuco.audiencelabs.com.br\/wp-json\/wp\/v2\/users\/4"}],"replies":[{"embeddable":true,"href":"https:\/\/diariodepernambuco.audiencelabs.com.br\/wp-json\/wp\/v2\/comments?post=25807"}],"version-history":[{"count":2,"href":"https:\/\/diariodepernambuco.audiencelabs.com.br\/wp-json\/wp\/v2\/posts\/25807\/revisions"}],"predecessor-version":[{"id":25809,"href":"https:\/\/diariodepernambuco.audiencelabs.com.br\/wp-json\/wp\/v2\/posts\/25807\/revisions\/25809"}],"wp:featuredmedia":[{"embeddable":true,"href":"https:\/\/diariodepernambuco.audiencelabs.com.br\/wp-json\/wp\/v2\/media\/19915"}],"wp:attachment":[{"href":"https:\/\/diariodepernambuco.audiencelabs.com.br\/wp-json\/wp\/v2\/media?parent=25807"}],"wp:term":[{"taxonomy":"category","embeddable":true,"href":"https:\/\/diariodepernambuco.audiencelabs.com.br\/wp-json\/wp\/v2\/categories?post=25807"},{"taxonomy":"post_tag","embeddable":true,"href":"https:\/\/diariodepernambuco.audiencelabs.com.br\/wp-json\/wp\/v2\/tags?post=25807"}],"curies":[{"name":"wp","href":"https:\/\/api.w.org\/{rel}","templated":true}]}}