{"id":25824,"date":"2026-04-27T01:27:00","date_gmt":"2026-04-27T04:27:00","guid":{"rendered":"https:\/\/diariodepernambuco.audiencelabs.com.br\/?p=25824"},"modified":"2026-04-27T01:27:03","modified_gmt":"2026-04-27T04:27:03","slug":"brasileiros-recebem-pessima-noticia-sobre-aumento-da-conta-de-luz","status":"publish","type":"post","link":"https:\/\/diariodepernambuco.audiencelabs.com.br\/brasileiros-recebem-pessima-noticia-sobre-aumento-da-conta-de-luz\/","title":{"rendered":"Brasileiros recebem p\u00e9ssima not\u00edcia sobre aumento da conta de luz"},"content":{"rendered":"\n<p>No fim de mar\u00e7o, a Ag\u00eancia Nacional de Energia El\u00e9trica (Aneel) divulgou um comunicado informando que a perman\u00eancia da bandeira tarif\u00e1ria verde <strong>garantiria contas de luz mais amenas<\/strong> nos meses posteriores.<\/p>\n\n\n\n<p>No entanto, uma decis\u00e3o recente do \u00f3rg\u00e3o acabou colocando esse al\u00edvio em risco, tendo em vista que mais de 22 milh\u00f5es de unidades consumidoras em todo o pa\u00eds<strong> ainda poder\u00e3o sofrer aumentos nos valores cobrados<\/strong>.<\/p>\n\n\n\n<p>Isso porque, na \u00faltima quarta-feira (22), a Aneel <strong>aprovou reajustes tarif\u00e1rios para oito distribuidoras de energia el\u00e9trica<\/strong>, seguindo os processos peri\u00f3dicos previstos nos contratos de concess\u00e3o. Conforme relatado pelo portal <em>NSC Total<\/em>, as varia\u00e7\u00f5es m\u00e9dias podem ir de 5% a 15%.<\/p>\n\n\n\n<p>Os percentuais variam conforme a regi\u00e3o atendida por cada empresa. Em geral, os aumentos foram provocados principalmente <strong>pelos custos com encargos setoriais<\/strong>, bem como pelos<strong> gastos com compra e transmiss\u00e3o de energia<\/strong>.<\/p>\n\n\n\n<p>Em alguns locais, mecanismos como o diferimento tarif\u00e1rio, que permite adiar o repasse de parte dos novos custos para ciclos futuros, <strong>ajudaram a suavizar os reajustes<\/strong>. Com isso, muitas unidades consumidoras ser\u00e3o obrigadas a arcar apenas com o valor m\u00ednimo.<\/p>\n\n\n\n<h2 class=\"wp-block-heading\">Confira os reajustes aprovados na conta de luz<\/h2>\n\n\n\n<p>Conforme destacado anteriormente, os reajustes aprovados pela Aneel abrangem oito distribuidoras que, por sua vez, <strong>atuam em ao menos sete estados do pa\u00eds<\/strong>. S\u00e3o elas:<\/p>\n\n\n\n<ul class=\"wp-block-list\">\n<li><strong>CPFL Paulista e CPFL Santa Cruz:<\/strong> juntas, abastecem mais de 5,5 milh\u00f5es de unidades consumidoras nos estados de S\u00e3o Paulo, Paran\u00e1 e Minas Gerais;<\/li>\n\n\n\n<li><strong>Energisa Mato Grosso:<\/strong> atende cerca de 1,7 milh\u00e3o de clientes no estado;<\/li>\n\n\n\n<li><strong>Energisa Mato Grosso do Sul:<\/strong> abastece por volta de 1,17 milh\u00e3o de unidades consumidoras no territ\u00f3rio;<\/li>\n\n\n\n<li><strong>Neoenergia Coelba:<\/strong> distribui energia para cerca de 6,92 milh\u00f5es de unidades consumidoras da Bahia;<\/li>\n\n\n\n<li><strong>Neoenergia Cosern:<\/strong> atende mais de 1,6 milh\u00e3o de unidades consumidoras espalhadas pelo Rio Grande do Norte;<\/li>\n\n\n\n<li><strong>Energisa Sergipe:<\/strong> cerca de 919 mil unidades consumidoras do estado s\u00e3o atendidas pela empresa;<\/li>\n\n\n\n<li><strong>Enel Cear\u00e1:<\/strong> abastece 4,11 milh\u00f5es de unidades consumidoras do estado.<\/li>\n<\/ul>\n\n\n\n<p>A diferen\u00e7a nas tarifas pode variar de acordo <strong>tanto com a distribuidora quanto com o perfil do consumidor<\/strong>, com o impacto sendo mais expressivo para os consumidores de alta tens\u00e3o.<\/p>\n","protected":false},"excerpt":{"rendered":"<p>No fim de mar\u00e7o, a Ag\u00eancia Nacional de Energia El\u00e9trica (Aneel) divulgou um comunicado informando que a perman\u00eancia da bandeira tarif\u00e1ria verde garantiria contas de luz mais amenas nos meses posteriores. No entanto, uma decis\u00e3o recente do \u00f3rg\u00e3o acabou colocando esse al\u00edvio em risco, tendo em vista que mais de 22 milh\u00f5es de unidades consumidoras [&hellip;]<\/p>\n","protected":false},"author":15,"featured_media":25826,"comment_status":"open","ping_status":"open","sticky":false,"template":"","format":"standard","meta":{"jnews-multi-image_gallery":[],"jnews_single_post":{"format":"standard"},"jnews_primary_category":[],"jnews_social_meta":[],"jnews_post_split":[],"footnotes":""},"categories":[1],"tags":[],"class_list":["post-25824","post","type-post","status-publish","format-standard","has-post-thumbnail","hentry","category-uncategorized"],"_links":{"self":[{"href":"https:\/\/diariodepernambuco.audiencelabs.com.br\/wp-json\/wp\/v2\/posts\/25824","targetHints":{"allow":["GET"]}}],"collection":[{"href":"https:\/\/diariodepernambuco.audiencelabs.com.br\/wp-json\/wp\/v2\/posts"}],"about":[{"href":"https:\/\/diariodepernambuco.audiencelabs.com.br\/wp-json\/wp\/v2\/types\/post"}],"author":[{"embeddable":true,"href":"https:\/\/diariodepernambuco.audiencelabs.com.br\/wp-json\/wp\/v2\/users\/15"}],"replies":[{"embeddable":true,"href":"https:\/\/diariodepernambuco.audiencelabs.com.br\/wp-json\/wp\/v2\/comments?post=25824"}],"version-history":[{"count":1,"href":"https:\/\/diariodepernambuco.audiencelabs.com.br\/wp-json\/wp\/v2\/posts\/25824\/revisions"}],"predecessor-version":[{"id":25827,"href":"https:\/\/diariodepernambuco.audiencelabs.com.br\/wp-json\/wp\/v2\/posts\/25824\/revisions\/25827"}],"wp:featuredmedia":[{"embeddable":true,"href":"https:\/\/diariodepernambuco.audiencelabs.com.br\/wp-json\/wp\/v2\/media\/25826"}],"wp:attachment":[{"href":"https:\/\/diariodepernambuco.audiencelabs.com.br\/wp-json\/wp\/v2\/media?parent=25824"}],"wp:term":[{"taxonomy":"category","embeddable":true,"href":"https:\/\/diariodepernambuco.audiencelabs.com.br\/wp-json\/wp\/v2\/categories?post=25824"},{"taxonomy":"post_tag","embeddable":true,"href":"https:\/\/diariodepernambuco.audiencelabs.com.br\/wp-json\/wp\/v2\/tags?post=25824"}],"curies":[{"name":"wp","href":"https:\/\/api.w.org\/{rel}","templated":true}]}}