{"id":25830,"date":"2026-04-26T10:22:00","date_gmt":"2026-04-26T13:22:00","guid":{"rendered":"https:\/\/diariodepernambuco.audiencelabs.com.br\/?p=25830"},"modified":"2026-04-24T13:31:59","modified_gmt":"2026-04-24T16:31:59","slug":"formula-1-anuncia-retorno-de-algo-amado-pelos-fas-de-automobilismo","status":"publish","type":"post","link":"https:\/\/diariodepernambuco.audiencelabs.com.br\/formula-1-anuncia-retorno-de-algo-amado-pelos-fas-de-automobilismo\/","title":{"rendered":"F\u00f3rmula 1 anuncia retorno de algo amado pelos f\u00e3s de automobilismo"},"content":{"rendered":"\n<p>A F\u00f3rmula 1 confirmou o retorno de um dos circuitos mais queridos pelos f\u00e3s: o Grande Pr\u00eamio da Turquia. A etapa voltar\u00e1 ao calend\u00e1rio oficial a partir de 2027, marcando o reencontro da categoria com uma pista que conquistou pilotos e torcedores ao longo dos anos. A decis\u00e3o rapidamente repercutiu entre os f\u00e3s, que h\u00e1 tempos pediam a volta de corridas tradicionais.<\/p>\n\n\n\n<p>A corrida ser\u00e1 novamente realizada no Istanbul Park, circuito que n\u00e3o recebe uma prova oficial desde 2021, quando entrou no calend\u00e1rio de forma emergencial. O retorno acontece ap\u00f3s um acordo entre a organiza\u00e7\u00e3o da categoria e autoridades locais, encerrando um per\u00edodo de negocia\u00e7\u00f5es que j\u00e1 se arrastava h\u00e1 alguns anos.<\/p>\n\n\n\n<p>Al\u00e9m da confirma\u00e7\u00e3o, o contrato prev\u00ea a perman\u00eancia do GP da Turquia por pelo menos cinco temporadas, podendo se estender at\u00e9 2031. Esse movimento d\u00e1 mais estabilidade ao calend\u00e1rio e refor\u00e7a uma estrat\u00e9gia clara da F\u00f3rmula 1: equilibrar a chegada de novos circuitos com a valoriza\u00e7\u00e3o de pistas cl\u00e1ssicas, que possuem forte apelo entre pilotos e torcedores.<\/p>\n\n\n\n<p>Conhecido por seu tra\u00e7ado t\u00e9cnico e desafiador, especialmente pela ic\u00f4nica curva 8, o circuito de Istanbul Park \u00e9 considerado um dos mais exigentes da categoria. O local j\u00e1 foi palco de momentos hist\u00f3ricos, como a conquista do s\u00e9timo t\u00edtulo mundial de Lewis Hamilton em 2020, o que aumenta ainda mais o peso simb\u00f3lico de seu retorno ao calend\u00e1rio.<\/p>\n\n\n\n<h2 class=\"wp-block-heading\">Circuito hist\u00f3rico volta ao calend\u00e1rio e refor\u00e7a tradi\u00e7\u00e3o <\/h2>\n\n\n\n<p>O retorno do GP da Turquia evidencia um movimento da F\u00f3rmula 1 em dire\u00e7\u00e3o a um calend\u00e1rio mais equilibrado, que combine inova\u00e7\u00e3o com tradi\u00e7\u00e3o. Nos \u00faltimos anos, a categoria expandiu sua presen\u00e7a global, mas passou a ouvir mais o p\u00fablico, que frequentemente pede a volta de pistas cl\u00e1ssicas que marcaram \u00e9poca.<\/p>\n\n\n\n<p>Com isso, a volta do Istanbul Park \u00e9 vista como uma resposta direta aos f\u00e3s e tamb\u00e9m como uma forma de valorizar a hist\u00f3ria da competi\u00e7\u00e3o. A expectativa agora \u00e9 que a etapa turca volte a proporcionar corridas emocionantes e ajude a manter viva a ess\u00eancia da F\u00f3rmula 1 em meio \u00e0s constantes transforma\u00e7\u00f5es do esporte.<\/p>\n\n\n\n<p><\/p>\n","protected":false},"excerpt":{"rendered":"<p>A F\u00f3rmula 1 confirmou o retorno de um dos circuitos mais queridos pelos f\u00e3s: o Grande Pr\u00eamio da Turquia. A etapa voltar\u00e1 ao calend\u00e1rio oficial a partir de 2027, marcando o reencontro da categoria com uma pista que conquistou pilotos e torcedores ao longo dos anos. A decis\u00e3o rapidamente repercutiu entre os f\u00e3s, que h\u00e1 [&hellip;]<\/p>\n","protected":false},"author":4,"featured_media":25832,"comment_status":"open","ping_status":"open","sticky":false,"template":"","format":"standard","meta":{"jnews-multi-image_gallery":[],"jnews_single_post":{"format":"standard"},"jnews_primary_category":[],"jnews_social_meta":[],"jnews_post_split":[],"footnotes":""},"categories":[1],"tags":[],"class_list":["post-25830","post","type-post","status-publish","format-standard","has-post-thumbnail","hentry","category-uncategorized"],"_links":{"self":[{"href":"https:\/\/diariodepernambuco.audiencelabs.com.br\/wp-json\/wp\/v2\/posts\/25830","targetHints":{"allow":["GET"]}}],"collection":[{"href":"https:\/\/diariodepernambuco.audiencelabs.com.br\/wp-json\/wp\/v2\/posts"}],"about":[{"href":"https:\/\/diariodepernambuco.audiencelabs.com.br\/wp-json\/wp\/v2\/types\/post"}],"author":[{"embeddable":true,"href":"https:\/\/diariodepernambuco.audiencelabs.com.br\/wp-json\/wp\/v2\/users\/4"}],"replies":[{"embeddable":true,"href":"https:\/\/diariodepernambuco.audiencelabs.com.br\/wp-json\/wp\/v2\/comments?post=25830"}],"version-history":[{"count":3,"href":"https:\/\/diariodepernambuco.audiencelabs.com.br\/wp-json\/wp\/v2\/posts\/25830\/revisions"}],"predecessor-version":[{"id":25835,"href":"https:\/\/diariodepernambuco.audiencelabs.com.br\/wp-json\/wp\/v2\/posts\/25830\/revisions\/25835"}],"wp:featuredmedia":[{"embeddable":true,"href":"https:\/\/diariodepernambuco.audiencelabs.com.br\/wp-json\/wp\/v2\/media\/25832"}],"wp:attachment":[{"href":"https:\/\/diariodepernambuco.audiencelabs.com.br\/wp-json\/wp\/v2\/media?parent=25830"}],"wp:term":[{"taxonomy":"category","embeddable":true,"href":"https:\/\/diariodepernambuco.audiencelabs.com.br\/wp-json\/wp\/v2\/categories?post=25830"},{"taxonomy":"post_tag","embeddable":true,"href":"https:\/\/diariodepernambuco.audiencelabs.com.br\/wp-json\/wp\/v2\/tags?post=25830"}],"curies":[{"name":"wp","href":"https:\/\/api.w.org\/{rel}","templated":true}]}}