{"id":25837,"date":"2026-04-26T15:41:00","date_gmt":"2026-04-26T18:41:00","guid":{"rendered":"https:\/\/diariodepernambuco.audiencelabs.com.br\/?p=25837"},"modified":"2026-04-24T13:36:04","modified_gmt":"2026-04-24T16:36:04","slug":"arrascaeta-tem-data-agendada-para-deixar-o-flamengo-caso-nao-renove-seu-contrato","status":"publish","type":"post","link":"https:\/\/diariodepernambuco.audiencelabs.com.br\/arrascaeta-tem-data-agendada-para-deixar-o-flamengo-caso-nao-renove-seu-contrato\/","title":{"rendered":"Arrascaeta tem data agendada para deixar o Flamengo caso n\u00e3o renove seu contrato"},"content":{"rendered":"\n<p>O meia Giorgian De Arrascaeta j\u00e1 tem um poss\u00edvel prazo para encerrar sua trajet\u00f3ria no Flamengo. Caso n\u00e3o haja uma nova renova\u00e7\u00e3o contratual nos pr\u00f3ximos anos, o jogador dever\u00e1 deixar o clube ao fim de 2028, quando se encerra o v\u00ednculo atual firmado entre as partes.<\/p>\n\n\n\n<p>Arrascaeta \u00e9 um dos principais nomes da equipe nos \u00faltimos anos e pe\u00e7a fundamental nas conquistas recentes do Flamengo. Desde sua chegada, o uruguaio se consolidou como refer\u00eancia t\u00e9cnica do elenco, sendo decisivo em t\u00edtulos importantes e mantendo alto n\u00edvel de desempenho ao longo das temporadas.<\/p>\n\n\n\n<p>O contrato atual j\u00e1 prev\u00ea condi\u00e7\u00f5es ajustadas, incluindo valoriza\u00e7\u00e3o salarial e outros termos considerados estrat\u00e9gicos pelo clube. No entanto, a diretoria sabe que, com o passar do tempo, novas negocia\u00e7\u00f5es podem ser necess\u00e1rias, principalmente levando em conta o mercado internacional e o interesse de outras equipes no futebol do meia.<\/p>\n\n\n\n<p>Dessa forma, o ano de 2028 surge como um marco importante para o futuro do jogador no Flamengo. Caso n\u00e3o haja uma extens\u00e3o do v\u00ednculo at\u00e9 l\u00e1, o clube poder\u00e1 se preparar para uma despedida de um dos maiores \u00eddolos recentes, que marcou \u00e9poca com sua qualidade e protagonismo dentro de campo.<\/p>\n\n\n\n<h2 class=\"wp-block-heading\">Os n\u00fameros de Arrascaeta pelo Flamengo<\/h2>\n\n\n\n<ul class=\"wp-block-list\">\n<li>2019: 52 jogos, 18 gols e 19 assist\u00eancias<\/li>\n\n\n\n<li>2020: 50 jogos, 12 gols e 14 assist\u00eancias<\/li>\n\n\n\n<li>2021: 35 jogos, 9 gols e 14 assist\u00eancias<\/li>\n\n\n\n<li>2022: 56 jogos, 13 gols e 19 assist\u00eancias<\/li>\n\n\n\n<li>2023: 54 jogos, 11 gols e 13 assist\u00eancias<\/li>\n\n\n\n<li>2024: 43 jogos, 10 gols e 10 assist\u00eancias<\/li>\n\n\n\n<li>2025: 64 jogos, 25 gols e 20 assist\u00eancias<\/li>\n\n\n\n<li>2026: 18 jogos, 6 gols e 2 assist\u00eancias<\/li>\n<\/ul>\n\n\n\n<ul class=\"wp-block-list\">\n<li>Total: 372 jogos, 104 gols e 111 assist\u00eancias<\/li>\n<\/ul>\n\n\n\n<p><\/p>\n","protected":false},"excerpt":{"rendered":"<p>O meia Giorgian De Arrascaeta j\u00e1 tem um poss\u00edvel prazo para encerrar sua trajet\u00f3ria no Flamengo. Caso n\u00e3o haja uma nova renova\u00e7\u00e3o contratual nos pr\u00f3ximos anos, o jogador dever\u00e1 deixar o clube ao fim de 2028, quando se encerra o v\u00ednculo atual firmado entre as partes. Arrascaeta \u00e9 um dos principais nomes da equipe nos [&hellip;]<\/p>\n","protected":false},"author":4,"featured_media":12917,"comment_status":"open","ping_status":"open","sticky":false,"template":"","format":"standard","meta":{"jnews-multi-image_gallery":[],"jnews_single_post":{"format":"standard"},"jnews_primary_category":[],"jnews_social_meta":[],"jnews_post_split":[],"footnotes":""},"categories":[1],"tags":[],"class_list":["post-25837","post","type-post","status-publish","format-standard","has-post-thumbnail","hentry","category-uncategorized"],"_links":{"self":[{"href":"https:\/\/diariodepernambuco.audiencelabs.com.br\/wp-json\/wp\/v2\/posts\/25837","targetHints":{"allow":["GET"]}}],"collection":[{"href":"https:\/\/diariodepernambuco.audiencelabs.com.br\/wp-json\/wp\/v2\/posts"}],"about":[{"href":"https:\/\/diariodepernambuco.audiencelabs.com.br\/wp-json\/wp\/v2\/types\/post"}],"author":[{"embeddable":true,"href":"https:\/\/diariodepernambuco.audiencelabs.com.br\/wp-json\/wp\/v2\/users\/4"}],"replies":[{"embeddable":true,"href":"https:\/\/diariodepernambuco.audiencelabs.com.br\/wp-json\/wp\/v2\/comments?post=25837"}],"version-history":[{"count":2,"href":"https:\/\/diariodepernambuco.audiencelabs.com.br\/wp-json\/wp\/v2\/posts\/25837\/revisions"}],"predecessor-version":[{"id":25839,"href":"https:\/\/diariodepernambuco.audiencelabs.com.br\/wp-json\/wp\/v2\/posts\/25837\/revisions\/25839"}],"wp:featuredmedia":[{"embeddable":true,"href":"https:\/\/diariodepernambuco.audiencelabs.com.br\/wp-json\/wp\/v2\/media\/12917"}],"wp:attachment":[{"href":"https:\/\/diariodepernambuco.audiencelabs.com.br\/wp-json\/wp\/v2\/media?parent=25837"}],"wp:term":[{"taxonomy":"category","embeddable":true,"href":"https:\/\/diariodepernambuco.audiencelabs.com.br\/wp-json\/wp\/v2\/categories?post=25837"},{"taxonomy":"post_tag","embeddable":true,"href":"https:\/\/diariodepernambuco.audiencelabs.com.br\/wp-json\/wp\/v2\/tags?post=25837"}],"curies":[{"name":"wp","href":"https:\/\/api.w.org\/{rel}","templated":true}]}}