{"id":25850,"date":"2026-04-26T05:39:00","date_gmt":"2026-04-26T08:39:00","guid":{"rendered":"https:\/\/diariodepernambuco.audiencelabs.com.br\/?p=25850"},"modified":"2026-04-25T12:32:51","modified_gmt":"2026-04-25T15:32:51","slug":"maior-fabrica-de-bebidas-do-brasil-produz-15-bilhoes-de-latas-e-pertence-a-gigante-do-ramo","status":"publish","type":"post","link":"https:\/\/diariodepernambuco.audiencelabs.com.br\/maior-fabrica-de-bebidas-do-brasil-produz-15-bilhoes-de-latas-e-pertence-a-gigante-do-ramo\/","title":{"rendered":"Maior f\u00e1brica de bebidas do Brasil produz 15 bilh\u00f5es de latas e pertence \u00e0 gigante do ramo"},"content":{"rendered":"\n<p>A maior f\u00e1brica de bebidas do Brasil impressiona n\u00e3o apenas pelo tamanho, mas tamb\u00e9m pela sua capacidade de produ\u00e7\u00e3o gigantesca. Localizada em Uberl\u00e2ndia, a unidade j\u00e1 produziu mais de 15 bilh\u00f5es de latas desde 2020, operando de forma ininterrupta, 24 horas por dia, todos os dias da semana.<\/p>\n\n\n\n<p>O complexo pertence \u00e0 Ambev, uma das maiores companhias do setor no mundo. A estrutura funciona como um verdadeiro polo industrial, com tecnologia avan\u00e7ada e sistemas automatizados que permitem controlar toda a produ\u00e7\u00e3o em tempo real, garantindo efici\u00eancia e alto volume de fabrica\u00e7\u00e3o.<\/p>\n\n\n\n<p>Al\u00e9m da produ\u00e7\u00e3o massiva, a f\u00e1brica tem impacto direto na economia da regi\u00e3o, gerando milhares de empregos diretos e indiretos. O local tamb\u00e9m movimenta setores como transporte, com\u00e9rcio e servi\u00e7os, consolidando-se como um dos principais motores econ\u00f4micos do Tri\u00e2ngulo Mineiro.<\/p>\n\n\n\n<p>Outro ponto que chama aten\u00e7\u00e3o \u00e9 o tamanho da opera\u00e7\u00e3o, que ocupa uma \u00e1rea gigantesca e re\u00fane linhas de produ\u00e7\u00e3o, centros log\u00edsticos e estruturas de armazenamento. A unidade \u00e9 frequentemente comparada a uma \u201ccidade industrial\u201d, tamanha a complexidade e o fluxo constante de atividades ao longo do dia.<\/p>\n\n\n\n<h2 class=\"wp-block-heading\">Produ\u00e7\u00e3o faz da unidade uma das maiores do mundo<\/h2>\n\n\n\n<p>A f\u00e1brica da Ambev se destaca por operar sem pausas h\u00e1 anos, um feito poss\u00edvel gra\u00e7as ao uso de tecnologia avan\u00e7ada e automa\u00e7\u00e3o industrial. Sistemas inteligentes monitoram cada etapa da produ\u00e7\u00e3o, desde o envase at\u00e9 a distribui\u00e7\u00e3o, garantindo padr\u00e3o de qualidade e rapidez no atendimento ao mercado.<\/p>\n\n\n\n<p>Com isso, a unidade de Uberl\u00e2ndia n\u00e3o s\u00f3 lidera no Brasil, como tamb\u00e9m se posiciona entre as maiores opera\u00e7\u00f5es do setor global. O modelo adotado pela empresa mostra como inova\u00e7\u00e3o e escala podem caminhar juntas para atender uma demanda cada vez maior por bebidas no pa\u00eds e no mundo.<\/p>\n\n\n\n<p><\/p>\n","protected":false},"excerpt":{"rendered":"<p>A maior f\u00e1brica de bebidas do Brasil impressiona n\u00e3o apenas pelo tamanho, mas tamb\u00e9m pela sua capacidade de produ\u00e7\u00e3o gigantesca. Localizada em Uberl\u00e2ndia, a unidade j\u00e1 produziu mais de 15 bilh\u00f5es de latas desde 2020, operando de forma ininterrupta, 24 horas por dia, todos os dias da semana. O complexo pertence \u00e0 Ambev, uma das [&hellip;]<\/p>\n","protected":false},"author":4,"featured_media":25852,"comment_status":"open","ping_status":"open","sticky":false,"template":"","format":"standard","meta":{"jnews-multi-image_gallery":[],"jnews_single_post":{"format":"standard"},"jnews_primary_category":[],"jnews_social_meta":[],"jnews_post_split":[],"footnotes":""},"categories":[1],"tags":[],"class_list":["post-25850","post","type-post","status-publish","format-standard","has-post-thumbnail","hentry","category-uncategorized"],"_links":{"self":[{"href":"https:\/\/diariodepernambuco.audiencelabs.com.br\/wp-json\/wp\/v2\/posts\/25850","targetHints":{"allow":["GET"]}}],"collection":[{"href":"https:\/\/diariodepernambuco.audiencelabs.com.br\/wp-json\/wp\/v2\/posts"}],"about":[{"href":"https:\/\/diariodepernambuco.audiencelabs.com.br\/wp-json\/wp\/v2\/types\/post"}],"author":[{"embeddable":true,"href":"https:\/\/diariodepernambuco.audiencelabs.com.br\/wp-json\/wp\/v2\/users\/4"}],"replies":[{"embeddable":true,"href":"https:\/\/diariodepernambuco.audiencelabs.com.br\/wp-json\/wp\/v2\/comments?post=25850"}],"version-history":[{"count":4,"href":"https:\/\/diariodepernambuco.audiencelabs.com.br\/wp-json\/wp\/v2\/posts\/25850\/revisions"}],"predecessor-version":[{"id":25897,"href":"https:\/\/diariodepernambuco.audiencelabs.com.br\/wp-json\/wp\/v2\/posts\/25850\/revisions\/25897"}],"wp:featuredmedia":[{"embeddable":true,"href":"https:\/\/diariodepernambuco.audiencelabs.com.br\/wp-json\/wp\/v2\/media\/25852"}],"wp:attachment":[{"href":"https:\/\/diariodepernambuco.audiencelabs.com.br\/wp-json\/wp\/v2\/media?parent=25850"}],"wp:term":[{"taxonomy":"category","embeddable":true,"href":"https:\/\/diariodepernambuco.audiencelabs.com.br\/wp-json\/wp\/v2\/categories?post=25850"},{"taxonomy":"post_tag","embeddable":true,"href":"https:\/\/diariodepernambuco.audiencelabs.com.br\/wp-json\/wp\/v2\/tags?post=25850"}],"curies":[{"name":"wp","href":"https:\/\/api.w.org\/{rel}","templated":true}]}}