{"id":25855,"date":"2026-04-27T22:22:00","date_gmt":"2026-04-28T01:22:00","guid":{"rendered":"https:\/\/diariodepernambuco.audiencelabs.com.br\/?p=25855"},"modified":"2026-04-24T14:17:48","modified_gmt":"2026-04-24T17:17:48","slug":"8-milhoes-de-carros-nao-vao-precisar-pagar-ipva-em-2026","status":"publish","type":"post","link":"https:\/\/diariodepernambuco.audiencelabs.com.br\/8-milhoes-de-carros-nao-vao-precisar-pagar-ipva-em-2026\/","title":{"rendered":"8 milh\u00f5es de carros n\u00e3o v\u00e3o precisar pagar IPVA em 2026"},"content":{"rendered":"\n<p>Cobrado anualmente dos propriet\u00e1rios de ve\u00edculos para financiar \u00e1reas como educa\u00e7\u00e3o, sa\u00fade, seguran\u00e7a e infraestrutura, <strong>o Imposto sobre a Propriedade de Ve\u00edculos Automotores (IPVA)<\/strong> \u00e9 um tributo estadual cujas regras variam de acordo com cada local.<\/p>\n\n\n\n<p>Essa diversidade era v\u00e1lida at\u00e9 mesmo para a isen\u00e7\u00e3o do pagamento, com alguns estado impondo regras excessivamente restritivas. Contudo, com <strong>a promulga\u00e7\u00e3o da Emenda Constitucional 137\/2025<\/strong>, essa realidade chegou ao fim.<\/p>\n\n\n\n<p>Aprovada com o objetivo de beneficiar propriet\u00e1rios de ve\u00edculos com pelo menos 20 anos de fabrica\u00e7\u00e3o, a medida deu origem a um crit\u00e9rio \u00fanico e <strong>unificou a isen\u00e7\u00e3o em \u00e2mbito nacional<\/strong>, convertendo-a em imunidade tribut\u00e1ria para carros antigos.<\/p>\n\n\n\n<p>Por conta disso, estima-se que <strong>cerca de 8 milh\u00f5es de autom\u00f3veis<\/strong>, incluindo, carros de passeio, caminhonetes e ve\u00edculos mistos, ser\u00e3o beneficiados, j\u00e1 podendo cortar oficialmente o IPVA de suas despesas. Dessa forma, o Brasil pode vivenciar uma verdadeira transforma\u00e7\u00e3o estrutural no sistema tribut\u00e1rio aplicado a ve\u00edculos no pa\u00eds.<\/p>\n\n\n\n<p>Isso porque, al\u00e9m de promover a redu\u00e7\u00e3o de desigualdades, a medida tamb\u00e9m simplifica a compreens\u00e3o do contribuinte acerca de suas obriga\u00e7\u00f5es.<\/p>\n\n\n\n<p>\u00c9 importante ressaltar que a novidade tamb\u00e9m estabelece que<strong> todo o processo ocorrer\u00e1 de forma autom\u00e1tica<\/strong>, dispensando os condutores de recorrerem aos \u00f3rg\u00e3os competentes para formalizar qualquer tipo de solicita\u00e7\u00e3o.<\/p>\n\n\n\n<h2 class=\"wp-block-heading\">Medida abate apenas o IPVA de 2026 em diante<\/h2>\n\n\n\n<p>Por ter sido promulgada no fim do ano passado, a Emenda Constitucional 137 passou a valer para o exerc\u00edcio fiscal de 2026. Sendo assim, <strong>apenas o IPVA referente ao per\u00edodo atual<\/strong> ser\u00e1 contemplado pela isen\u00e7\u00e3o.<\/p>\n\n\n\n<p>Na pr\u00e1tica, isso significa que pend\u00eancias de anos anteriores <strong>precisam ser regularizadas normalmente<\/strong>, a fim de viabilizar o licenciamento do ve\u00edculo e, assim, evitar que ele fique sujeito \u00e0 san\u00e7\u00f5es administrativas ou apreens\u00e3o.<\/p>\n\n\n\n<p>Al\u00e9m disso, obriga\u00e7\u00f5es como a taxa de licenciamento anual e eventuais multas tamb\u00e9m continuar\u00e3o sendo cobrados normalmente, n\u00e3o havendo previs\u00e3o de isen\u00e7\u00e3o para nenhum desses valores.<\/p>\n","protected":false},"excerpt":{"rendered":"<p>Cobrado anualmente dos propriet\u00e1rios de ve\u00edculos para financiar \u00e1reas como educa\u00e7\u00e3o, sa\u00fade, seguran\u00e7a e infraestrutura, o Imposto sobre a Propriedade de Ve\u00edculos Automotores (IPVA) \u00e9 um tributo estadual cujas regras variam de acordo com cada local. Essa diversidade era v\u00e1lida at\u00e9 mesmo para a isen\u00e7\u00e3o do pagamento, com alguns estado impondo regras excessivamente restritivas. Contudo, [&hellip;]<\/p>\n","protected":false},"author":15,"featured_media":25856,"comment_status":"open","ping_status":"open","sticky":false,"template":"","format":"standard","meta":{"jnews-multi-image_gallery":[],"jnews_single_post":{"format":"standard"},"jnews_primary_category":[],"jnews_social_meta":[],"jnews_post_split":[],"footnotes":""},"categories":[1],"tags":[],"class_list":["post-25855","post","type-post","status-publish","format-standard","has-post-thumbnail","hentry","category-uncategorized"],"_links":{"self":[{"href":"https:\/\/diariodepernambuco.audiencelabs.com.br\/wp-json\/wp\/v2\/posts\/25855","targetHints":{"allow":["GET"]}}],"collection":[{"href":"https:\/\/diariodepernambuco.audiencelabs.com.br\/wp-json\/wp\/v2\/posts"}],"about":[{"href":"https:\/\/diariodepernambuco.audiencelabs.com.br\/wp-json\/wp\/v2\/types\/post"}],"author":[{"embeddable":true,"href":"https:\/\/diariodepernambuco.audiencelabs.com.br\/wp-json\/wp\/v2\/users\/15"}],"replies":[{"embeddable":true,"href":"https:\/\/diariodepernambuco.audiencelabs.com.br\/wp-json\/wp\/v2\/comments?post=25855"}],"version-history":[{"count":1,"href":"https:\/\/diariodepernambuco.audiencelabs.com.br\/wp-json\/wp\/v2\/posts\/25855\/revisions"}],"predecessor-version":[{"id":25858,"href":"https:\/\/diariodepernambuco.audiencelabs.com.br\/wp-json\/wp\/v2\/posts\/25855\/revisions\/25858"}],"wp:featuredmedia":[{"embeddable":true,"href":"https:\/\/diariodepernambuco.audiencelabs.com.br\/wp-json\/wp\/v2\/media\/25856"}],"wp:attachment":[{"href":"https:\/\/diariodepernambuco.audiencelabs.com.br\/wp-json\/wp\/v2\/media?parent=25855"}],"wp:term":[{"taxonomy":"category","embeddable":true,"href":"https:\/\/diariodepernambuco.audiencelabs.com.br\/wp-json\/wp\/v2\/categories?post=25855"},{"taxonomy":"post_tag","embeddable":true,"href":"https:\/\/diariodepernambuco.audiencelabs.com.br\/wp-json\/wp\/v2\/tags?post=25855"}],"curies":[{"name":"wp","href":"https:\/\/api.w.org\/{rel}","templated":true}]}}