{"id":25862,"date":"2026-04-27T20:15:00","date_gmt":"2026-04-27T23:15:00","guid":{"rendered":"https:\/\/diariodepernambuco.audiencelabs.com.br\/?p=25862"},"modified":"2026-04-24T15:02:16","modified_gmt":"2026-04-24T18:02:16","slug":"qual-o-suv-mais-vendido-do-brasil-em-2026","status":"publish","type":"post","link":"https:\/\/diariodepernambuco.audiencelabs.com.br\/qual-o-suv-mais-vendido-do-brasil-em-2026\/","title":{"rendered":"Qual o SUV mais vendido do Brasil em 2026?"},"content":{"rendered":"\n<p>Entre tantos modelos, o <strong>Hyundai Creta<\/strong> se consolidou como o SUV mais vendido em abril deste ano. Um dos principais pontos fortes do Creta \u00e9 o espa\u00e7o interno. Mesmo sendo um SUV compacto, ele oferece bom conforto para passageiros, al\u00e9m de um porta-malas de cerca de 422 litros, ideal para viagens.<\/p>\n\n\n\n<p>Outro destaque \u00e9 o design, que agrada quem busca um carro com apar\u00eancia moderna. A variedade de vers\u00f5es tamb\u00e9m ajuda: h\u00e1 op\u00e7\u00f5es mais acess\u00edveis e outras mais completas, permitindo escolher de acordo com o or\u00e7amento e necessidade.<\/p>\n\n\n\n<h2 class=\"wp-block-heading\">Motor e desempenho no dia a dia<\/h2>\n\n\n\n<p>A maior parte das vers\u00f5es do Creta vem equipada com <strong>motor 1.0 turbo de at\u00e9 120 cv<\/strong>, combinado com c\u00e2mbio autom\u00e1tico de 6 marchas. Para quem quer mais pot\u00eancia, existe a vers\u00e3o Ultimate, com <strong>motor 1.6 turbo<\/strong>, que entrega desempenho superior.<\/p>\n\n\n\n<p>No consumo, o modelo 1.0 turbo apresenta m\u00e9dias pr\u00f3ximas de <strong>8,2 km\/l no etanol<\/strong> e cerca de <strong>12 km\/l na gasolina<\/strong> em uso urbano.<\/p>\n\n\n\n<h2 class=\"wp-block-heading\">Tecnologia e seguran\u00e7a<\/h2>\n\n\n\n<p>O Creta tamb\u00e9m chama aten\u00e7\u00e3o pelo pacote tecnol\u00f3gico, j\u00e1 que ele pode vir equipado com recursos como frenagem autom\u00e1tica de emerg\u00eancia, assistente de perman\u00eancia em faixa e controle de tra\u00e7\u00e3o. Al\u00e9m disso, o sistema multim\u00eddia e os recursos de conectividade tornam o uso no dia a dia mais pr\u00e1tico.<\/p>\n","protected":false},"excerpt":{"rendered":"<p>Entre tantos modelos, o Hyundai Creta se consolidou como o SUV mais vendido em abril deste ano. Um dos principais pontos fortes do Creta \u00e9 o espa\u00e7o interno. Mesmo sendo um SUV compacto, ele oferece bom conforto para passageiros, al\u00e9m de um porta-malas de cerca de 422 litros, ideal para viagens. Outro destaque \u00e9 o [&hellip;]<\/p>\n","protected":false},"author":17,"featured_media":25864,"comment_status":"open","ping_status":"open","sticky":false,"template":"","format":"standard","meta":{"jnews-multi-image_gallery":[],"jnews_single_post":{"format":"standard"},"jnews_primary_category":[],"jnews_social_meta":[],"jnews_post_split":[],"footnotes":""},"categories":[1],"tags":[],"class_list":["post-25862","post","type-post","status-publish","format-standard","has-post-thumbnail","hentry","category-uncategorized"],"_links":{"self":[{"href":"https:\/\/diariodepernambuco.audiencelabs.com.br\/wp-json\/wp\/v2\/posts\/25862","targetHints":{"allow":["GET"]}}],"collection":[{"href":"https:\/\/diariodepernambuco.audiencelabs.com.br\/wp-json\/wp\/v2\/posts"}],"about":[{"href":"https:\/\/diariodepernambuco.audiencelabs.com.br\/wp-json\/wp\/v2\/types\/post"}],"author":[{"embeddable":true,"href":"https:\/\/diariodepernambuco.audiencelabs.com.br\/wp-json\/wp\/v2\/users\/17"}],"replies":[{"embeddable":true,"href":"https:\/\/diariodepernambuco.audiencelabs.com.br\/wp-json\/wp\/v2\/comments?post=25862"}],"version-history":[{"count":1,"href":"https:\/\/diariodepernambuco.audiencelabs.com.br\/wp-json\/wp\/v2\/posts\/25862\/revisions"}],"predecessor-version":[{"id":25865,"href":"https:\/\/diariodepernambuco.audiencelabs.com.br\/wp-json\/wp\/v2\/posts\/25862\/revisions\/25865"}],"wp:featuredmedia":[{"embeddable":true,"href":"https:\/\/diariodepernambuco.audiencelabs.com.br\/wp-json\/wp\/v2\/media\/25864"}],"wp:attachment":[{"href":"https:\/\/diariodepernambuco.audiencelabs.com.br\/wp-json\/wp\/v2\/media?parent=25862"}],"wp:term":[{"taxonomy":"category","embeddable":true,"href":"https:\/\/diariodepernambuco.audiencelabs.com.br\/wp-json\/wp\/v2\/categories?post=25862"},{"taxonomy":"post_tag","embeddable":true,"href":"https:\/\/diariodepernambuco.audiencelabs.com.br\/wp-json\/wp\/v2\/tags?post=25862"}],"curies":[{"name":"wp","href":"https:\/\/api.w.org\/{rel}","templated":true}]}}