{"id":25866,"date":"2026-04-27T19:15:00","date_gmt":"2026-04-27T22:15:00","guid":{"rendered":"https:\/\/diariodepernambuco.audiencelabs.com.br\/?p=25866"},"modified":"2026-04-24T15:22:26","modified_gmt":"2026-04-24T18:22:26","slug":"jeep-compass-despenca-de-valor-e-esta-custando-r-30-000-a-menos","status":"publish","type":"post","link":"https:\/\/diariodepernambuco.audiencelabs.com.br\/jeep-compass-despenca-de-valor-e-esta-custando-r-30-000-a-menos\/","title":{"rendered":"Jeep Compass despenca de valor e est\u00e1 custando R$ 30.000 a menos"},"content":{"rendered":"\n<p>Nos \u00faltimos meses, mudan\u00e7as nos pre\u00e7os do Jeep Compass chamaram aten\u00e7\u00e3o. O ve\u00edculo, que por anos manteve valores elevados, agora aparece com descontos altos, chegando a ficar at\u00e9 <strong>R$ 30 mil mais barato<\/strong> em algumas vers\u00f5es, saindo de cerca de R$ 180 mil para a faixa de <strong>R$ 150 mil a R$ 160 mil<\/strong>.<\/p>\n\n\n\n<p>A mudan\u00e7a acontece ap\u00f3s a chegada de novos modelos concorrentes, que apresentam propostas mais modernas e foco em eletrifica\u00e7\u00e3o. Com isso, os consumidores passaram a exigir mais tecnologia, efici\u00eancia e maior custo-benef\u00edcio. Diante disso, reduzir pre\u00e7os deixou de ser op\u00e7\u00e3o e virou necessidade para continuar competitivo dentro do mercado.<\/p>\n\n\n\n<h2 class=\"wp-block-heading\">Promo\u00e7\u00f5es e p\u00fablico-alvo<\/h2>\n\n\n\n<p>As ofertas t\u00eam foco em vendas diretas, como para empresas e pessoas com direito a benef\u00edcios. Nessas condi\u00e7\u00f5es, os descontos s\u00e3o ainda maiores, com redu\u00e7\u00f5es que podem passar de R$ 30 mil e levar vers\u00f5es, como a Longitude, para faixas pr\u00f3ximas de R$ 170 mil.<\/p>\n\n\n\n<h2 class=\"wp-block-heading\">Impacto para quem j\u00e1 comprou<\/h2>\n\n\n\n<p>Se por um lado os novos pre\u00e7os s\u00e3o atraentes, por outro, geram a desvaloriza\u00e7\u00e3o dos seminovos. Propriet\u00e1rios de vers\u00f5es recentes j\u00e1 sentem o impacto no valor de revenda, com modelos que antes eram vendidos por mais de R$ 190 mil agora sendo negociados bem abaixo disso, reflexo da queda nos pre\u00e7os oficiais.<\/p>\n","protected":false},"excerpt":{"rendered":"<p>Nos \u00faltimos meses, mudan\u00e7as nos pre\u00e7os do Jeep Compass chamaram aten\u00e7\u00e3o. O ve\u00edculo, que por anos manteve valores elevados, agora aparece com descontos altos, chegando a ficar at\u00e9 R$ 30 mil mais barato em algumas vers\u00f5es, saindo de cerca de R$ 180 mil para a faixa de R$ 150 mil a R$ 160 mil. A [&hellip;]<\/p>\n","protected":false},"author":17,"featured_media":25868,"comment_status":"open","ping_status":"open","sticky":false,"template":"","format":"standard","meta":{"jnews-multi-image_gallery":[],"jnews_single_post":{"format":"standard"},"jnews_primary_category":[],"jnews_social_meta":[],"jnews_post_split":[],"footnotes":""},"categories":[1],"tags":[],"class_list":["post-25866","post","type-post","status-publish","format-standard","has-post-thumbnail","hentry","category-uncategorized"],"_links":{"self":[{"href":"https:\/\/diariodepernambuco.audiencelabs.com.br\/wp-json\/wp\/v2\/posts\/25866","targetHints":{"allow":["GET"]}}],"collection":[{"href":"https:\/\/diariodepernambuco.audiencelabs.com.br\/wp-json\/wp\/v2\/posts"}],"about":[{"href":"https:\/\/diariodepernambuco.audiencelabs.com.br\/wp-json\/wp\/v2\/types\/post"}],"author":[{"embeddable":true,"href":"https:\/\/diariodepernambuco.audiencelabs.com.br\/wp-json\/wp\/v2\/users\/17"}],"replies":[{"embeddable":true,"href":"https:\/\/diariodepernambuco.audiencelabs.com.br\/wp-json\/wp\/v2\/comments?post=25866"}],"version-history":[{"count":2,"href":"https:\/\/diariodepernambuco.audiencelabs.com.br\/wp-json\/wp\/v2\/posts\/25866\/revisions"}],"predecessor-version":[{"id":25869,"href":"https:\/\/diariodepernambuco.audiencelabs.com.br\/wp-json\/wp\/v2\/posts\/25866\/revisions\/25869"}],"wp:featuredmedia":[{"embeddable":true,"href":"https:\/\/diariodepernambuco.audiencelabs.com.br\/wp-json\/wp\/v2\/media\/25868"}],"wp:attachment":[{"href":"https:\/\/diariodepernambuco.audiencelabs.com.br\/wp-json\/wp\/v2\/media?parent=25866"}],"wp:term":[{"taxonomy":"category","embeddable":true,"href":"https:\/\/diariodepernambuco.audiencelabs.com.br\/wp-json\/wp\/v2\/categories?post=25866"},{"taxonomy":"post_tag","embeddable":true,"href":"https:\/\/diariodepernambuco.audiencelabs.com.br\/wp-json\/wp\/v2\/tags?post=25866"}],"curies":[{"name":"wp","href":"https:\/\/api.w.org\/{rel}","templated":true}]}}