{"id":25870,"date":"2026-04-27T07:15:00","date_gmt":"2026-04-27T10:15:00","guid":{"rendered":"https:\/\/diariodepernambuco.audiencelabs.com.br\/?p=25870"},"modified":"2026-04-27T01:27:23","modified_gmt":"2026-04-27T04:27:23","slug":"supermercado-gigante-anuncia-fechamento-de-15-lojas","status":"publish","type":"post","link":"https:\/\/diariodepernambuco.audiencelabs.com.br\/supermercado-gigante-anuncia-fechamento-de-15-lojas\/","title":{"rendered":"Supermercado gigante anuncia fechamento de 15 lojas"},"content":{"rendered":"\n<p>A rede de supermercados <strong>Alcampo <\/strong>anunciou o fechamento de 15 lojas na Espanha. A decis\u00e3o faz parte de uma mudan\u00e7a no jeito de operar da empresa, que busca se adaptar a um mercado cada vez mais competitivo.<\/p>\n\n\n\n<p>Segundo a empresa, o principal motivo \u00e9 reduzir custos e melhorar os resultados, j\u00e1 que algumas unidades n\u00e3o estavam dando lucro, o que levou \u00e0 escolha de encerrar essas opera\u00e7\u00f5es. Al\u00e9m disso, o comportamento dos consumidores mudou bastante, com mais gente comprando pela internet ou preferindo lojas menores em vez de supermercados grandes.<\/p>\n\n\n\n<p>Com essa nova mudan\u00e7a, a Alcampo pretende investir mais em lojas pequenas e em vendas online, al\u00e9m de melhorar sua log\u00edstica para ser mais r\u00e1pida e eficiente.<\/p>\n\n\n\n<h2 class=\"wp-block-heading\">Impacto nos funcion\u00e1rios<\/h2>\n\n\n\n<p>Parte dos funcion\u00e1rios ser\u00e1 demitida, enquanto outros podem ser transferidos ou ter mudan\u00e7as na jornada de trabalho. Em casos como esse, a empresa ou o pr\u00f3prio governo pode oferecer ajuda a quem \u00e9 impactado por esses mudan\u00e7as.<\/p>\n","protected":false},"excerpt":{"rendered":"<p>A rede de supermercados Alcampo anunciou o fechamento de 15 lojas na Espanha. A decis\u00e3o faz parte de uma mudan\u00e7a no jeito de operar da empresa, que busca se adaptar a um mercado cada vez mais competitivo. Segundo a empresa, o principal motivo \u00e9 reduzir custos e melhorar os resultados, j\u00e1 que algumas unidades n\u00e3o [&hellip;]<\/p>\n","protected":false},"author":17,"featured_media":22468,"comment_status":"open","ping_status":"open","sticky":false,"template":"","format":"standard","meta":{"jnews-multi-image_gallery":[],"jnews_single_post":{"format":"standard"},"jnews_primary_category":[],"jnews_social_meta":[],"jnews_post_split":[],"footnotes":""},"categories":[1],"tags":[],"class_list":["post-25870","post","type-post","status-publish","format-standard","has-post-thumbnail","hentry","category-uncategorized"],"_links":{"self":[{"href":"https:\/\/diariodepernambuco.audiencelabs.com.br\/wp-json\/wp\/v2\/posts\/25870","targetHints":{"allow":["GET"]}}],"collection":[{"href":"https:\/\/diariodepernambuco.audiencelabs.com.br\/wp-json\/wp\/v2\/posts"}],"about":[{"href":"https:\/\/diariodepernambuco.audiencelabs.com.br\/wp-json\/wp\/v2\/types\/post"}],"author":[{"embeddable":true,"href":"https:\/\/diariodepernambuco.audiencelabs.com.br\/wp-json\/wp\/v2\/users\/17"}],"replies":[{"embeddable":true,"href":"https:\/\/diariodepernambuco.audiencelabs.com.br\/wp-json\/wp\/v2\/comments?post=25870"}],"version-history":[{"count":2,"href":"https:\/\/diariodepernambuco.audiencelabs.com.br\/wp-json\/wp\/v2\/posts\/25870\/revisions"}],"predecessor-version":[{"id":25872,"href":"https:\/\/diariodepernambuco.audiencelabs.com.br\/wp-json\/wp\/v2\/posts\/25870\/revisions\/25872"}],"wp:featuredmedia":[{"embeddable":true,"href":"https:\/\/diariodepernambuco.audiencelabs.com.br\/wp-json\/wp\/v2\/media\/22468"}],"wp:attachment":[{"href":"https:\/\/diariodepernambuco.audiencelabs.com.br\/wp-json\/wp\/v2\/media?parent=25870"}],"wp:term":[{"taxonomy":"category","embeddable":true,"href":"https:\/\/diariodepernambuco.audiencelabs.com.br\/wp-json\/wp\/v2\/categories?post=25870"},{"taxonomy":"post_tag","embeddable":true,"href":"https:\/\/diariodepernambuco.audiencelabs.com.br\/wp-json\/wp\/v2\/tags?post=25870"}],"curies":[{"name":"wp","href":"https:\/\/api.w.org\/{rel}","templated":true}]}}